{"id":3731,"date":"2025-09-29T21:32:13","date_gmt":"2025-09-30T00:32:13","guid":{"rendered":"https:\/\/betsson.sport\/es\/?p=3731"},"modified":"2025-09-30T08:36:02","modified_gmt":"2025-09-30T11:36:02","slug":"mundial-de-ciclismo-2025-asi-le-fue-a-los-colombianos-en-la-ruta-elite","status":"publish","type":"post","link":"https:\/\/betsson.sport\/es\/noticias\/mas-deportes\/mundial-de-ciclismo-2025-asi-le-fue-a-los-colombianos-en-la-ruta-elite\/","title":{"rendered":"Mundial de Ciclismo 2025: as\u00ed le fue a los colombianos en la ruta \u00e9lite"},"content":{"rendered":"\n<hr class=\"wp-block-separator has-alpha-channel-opacity\" \/>\n\n\n\n<p><strong>El Mundial de Ciclismo en Ruta 2025<\/strong> lleg\u00f3 a su fin este domingo en Kigali, Ruanda, con la prueba reina: la \u00e9lite masculina. Fueron 267,5 kil\u00f3metros y 5.475 metros de desnivel, en una jornada que no dej\u00f3 el resultado esperado para la <strong>delegaci\u00f3n colombiana.<\/strong><\/p>\n\n\n\n<p>De los cuatro corredores nacionales \u00fanicamente el huilense, <strong>Harold Tejada<\/strong>, logr\u00f3 llegar a la meta. <strong>Egan Bernal, Brandon Rivera y Walter Vargas<\/strong> abandonaron en distintos momentos, dejando un balance negativo en el cierre del campeonato.<\/p>\n\n\n\n<p>Bernal, la gran carta del pa\u00eds, se retir\u00f3 a falta de 85 kil\u00f3metros, cuando ya estaba a m\u00e1s de cinco minutos del pelot\u00f3n principal. Poco despu\u00e9s tambi\u00e9n se bajaron de la bicicleta Rivera y Vargas, <strong>completando as\u00ed un d\u00eda dif\u00edcil para el team tricolor.<\/strong><\/p>\n\n\n\n<p>Mientras tanto, el esloveno <strong>Tadej Poga\u010dar <\/strong>volvi\u00f3 a demostrar su dominio. Con una actuaci\u00f3n contundente, se coron\u00f3 campe\u00f3n del mundo por segundo a\u00f1o consecutivo y reafirm\u00f3 su condici\u00f3n de mejor ciclista del planeta. El podio lo completaron el belga <strong>Remco Evenepoel<\/strong> y el irland\u00e9s <strong>Ben Healy.<\/strong><\/p>\n\n\n\n<figure class=\"wp-block-image size-large\"><img decoding=\"async\" width=\"2560\" height=\"1707\" src=\"https:\/\/betsson.sport\/es\/wp-content\/uploads\/2025\/09\/sdl5Z7R_8KC1kQ-nh-edited-scaled.jpg\" alt=\"\" class=\"wp-image-3734\" srcset=\"https:\/\/betsson.sport\/es\/wp-content\/uploads\/2025\/09\/sdl5Z7R_8KC1kQ-nh-edited-scaled.jpg 2560w, https:\/\/betsson.sport\/es\/wp-content\/uploads\/2025\/09\/sdl5Z7R_8KC1kQ-nh-edited-420x280.jpg 420w, https:\/\/betsson.sport\/es\/wp-content\/uploads\/2025\/09\/sdl5Z7R_8KC1kQ-nh-edited-1024x683.jpg 1024w, https:\/\/betsson.sport\/es\/wp-content\/uploads\/2025\/09\/sdl5Z7R_8KC1kQ-nh-edited-768x512.jpg 768w, https:\/\/betsson.sport\/es\/wp-content\/uploads\/2025\/09\/sdl5Z7R_8KC1kQ-nh-edited-1536x1024.jpg 1536w, https:\/\/betsson.sport\/es\/wp-content\/uploads\/2025\/09\/sdl5Z7R_8KC1kQ-nh-edited-2048x1365.jpg 2048w, https:\/\/betsson.sport\/es\/wp-content\/uploads\/2025\/09\/sdl5Z7R_8KC1kQ-nh-edited-540x360.jpg 540w\" sizes=\"(max-width: 2560px) 100vw, 2560px\" \/><figcaption class=\"wp-element-caption\">Tadej Pogacar<strong> <\/strong>revalid\u00f3 su t\u00edtulo de campe\u00f3n del mundo (Foto: Jan De Meuleneir\/PsnewZ\/ZUMA Press\/TT).<\/figcaption><\/figure>\n\n\n\n<p><strong>Clasificaci\u00f3n:<\/strong><\/p>\n\n\n\n<p>1. <strong>Tadej Poga\u010dar<\/strong> (Eslovenia) Ganador<br>2. <strong>Remco Evenepoel<\/strong> (B\u00e9lgica) a 1 minuto 28 segundos<br>3. <strong>Ben Healy<\/strong> (Irlanda) a 2 minutos 16 segundos<br>4. <strong>Mattias Skjelmose <\/strong>(Dinamarca) a 2 minutos 53 segundos<br>5. <strong>Toms Skujins<\/strong> (Letonia) a 6 minutos 41 segundos<\/p>\n\n\n\n<p><strong>Latinoamericanos destacados:<\/strong><\/p>\n\n\n\n<p>7. <strong>Isaac del Toro<\/strong> (M\u00e9xico) a 6 minutos 47 segundos<br>14. <strong>Harold Tejada<\/strong> (Colombia) a 9 minutos 7 segundos<\/p>\n\n\n\n<p><\/p>\n","protected":false},"excerpt":{"rendered":"<p>El Mundial de Ciclismo en Ruta 2025 lleg\u00f3 a su fin este domingo en Kigali, Ruanda, con la prueba reina: la \u00e9lite masculina. Fueron 267,5 kil\u00f3metros y 5.475 metros de desnivel, en una jornada que no dej\u00f3 el resultado esperado para la delegaci\u00f3n colombiana. De los cuatro corredores nacionales \u00fanicamente el huilense, Harold Tejada, logr\u00f3 [&hellip;]<\/p>\n","protected":false},"author":22,"featured_media":3732,"comment_status":"closed","ping_status":"closed","sticky":false,"template":"","format":"standard","meta":{"_acf_changed":true,"footnotes":""},"categories":[155],"tags":[],"label":[],"country":[],"class_list":["post-3731","post","type-post","status-publish","format-standard","has-post-thumbnail","hentry","category-mas-deportes"],"acf":[],"_links":{"self":[{"href":"https:\/\/betsson.sport\/es\/wp-json\/wp\/v2\/posts\/3731","targetHints":{"allow":["GET"]}}],"collection":[{"href":"https:\/\/betsson.sport\/es\/wp-json\/wp\/v2\/posts"}],"about":[{"href":"https:\/\/betsson.sport\/es\/wp-json\/wp\/v2\/types\/post"}],"author":[{"embeddable":true,"href":"https:\/\/betsson.sport\/es\/wp-json\/wp\/v2\/users\/22"}],"replies":[{"embeddable":true,"href":"https:\/\/betsson.sport\/es\/wp-json\/wp\/v2\/comments?post=3731"}],"version-history":[{"count":0,"href":"https:\/\/betsson.sport\/es\/wp-json\/wp\/v2\/posts\/3731\/revisions"}],"wp:featuredmedia":[{"embeddable":true,"href":"https:\/\/betsson.sport\/es\/wp-json\/wp\/v2\/media\/3732"}],"wp:attachment":[{"href":"https:\/\/betsson.sport\/es\/wp-json\/wp\/v2\/media?parent=3731"}],"wp:term":[{"taxonomy":"category","embeddable":true,"href":"https:\/\/betsson.sport\/es\/wp-json\/wp\/v2\/categories?post=3731"},{"taxonomy":"post_tag","embeddable":true,"href":"https:\/\/betsson.sport\/es\/wp-json\/wp\/v2\/tags?post=3731"},{"taxonomy":"label","embeddable":true,"href":"https:\/\/betsson.sport\/es\/wp-json\/wp\/v2\/label?post=3731"},{"taxonomy":"country","embeddable":true,"href":"https:\/\/betsson.sport\/es\/wp-json\/wp\/v2\/country?post=3731"}],"curies":[{"name":"wp","href":"https:\/\/api.w.org\/{rel}","templated":true}]}}