{"id":3856,"date":"2025-10-02T20:05:15","date_gmt":"2025-10-02T23:05:15","guid":{"rendered":"https:\/\/betsson.sport\/es\/?p=3856"},"modified":"2025-10-02T20:05:17","modified_gmt":"2025-10-02T23:05:17","slug":"gilberto-mora-en-el-radar-de-europa","status":"publish","type":"post","link":"https:\/\/betsson.sport\/es\/noticias\/futbol\/gilberto-mora-en-el-radar-de-europa\/","title":{"rendered":"Gilberto Mora en el radar de Europa"},"content":{"rendered":"\n<p><strong>El gran presente de <strong>Gilberto Mora<\/strong>, la joya de los <strong>Xolos de Tijuana<\/strong>, hace pensar que sus d\u00edas en el f\u00fatbol mexicano est\u00e1n contados.<\/strong><\/p>\n\n\n\n<p><\/p>\n\n\n\n<p>As\u00ed lo dej\u00f3 entrever su propio t\u00e9cnico, Sebasti\u00e1n \u201cLoco\u201d Abreu, quien en una entrevista con la prensa mexicana se refiri\u00f3 al futuro del joven atacante y abri\u00f3 la puerta a una pronta salida rumbo a Europa.<\/p>\n\n\n\n<p>Abreu explic\u00f3 que Mora deber\u00eda continuar en M\u00e9xico aproximadamente un a\u00f1o m\u00e1s, hasta cumplir la mayor\u00eda de edad, antes de dar el salto definitivo al viejo continente. \u201cLe queda un a\u00f1o, cuando cumpla 18 tiene que irse, es parte del f\u00fatbol\u201d, expres\u00f3 Abreu.<\/p>\n\n\n\n<p>Con apenas 16 a\u00f1os, Gilberto Mora se ha convertido en un referente de la Selecci\u00f3n Mexicana Sub-20, que disputa el Mundial de la categor\u00eda en Chile. En dicho torneo ha sido clave para el Tri, destacando recientemente con un doblete en el empate frente a Espa\u00f1a, donde volvi\u00f3 a confirmar su capacidad para decidir partidos importantes.<\/p>\n\n\n\n<p>Su proyecci\u00f3n no se limita al plano juvenil. Mora form\u00f3 parte de la Selecci\u00f3n Mayor, con la que celebr\u00f3 la conquista de la Copa Oro 2025, un logro que aument\u00f3 el inter\u00e9s de los grandes clubes de Europa, como el Real Madrid, Manchester United y el Ajax.<\/p>\n","protected":false},"excerpt":{"rendered":"<p>El gran presente de Gilberto Mora, la joya de los Xolos de Tijuana, hace pensar que sus d\u00edas en el f\u00fatbol mexicano est\u00e1n contados. As\u00ed lo dej\u00f3 entrever su propio t\u00e9cnico, Sebasti\u00e1n \u201cLoco\u201d Abreu, quien en una entrevista con la prensa mexicana se refiri\u00f3 al futuro del joven atacante y abri\u00f3 la puerta a una [&hellip;]<\/p>\n","protected":false},"author":20,"featured_media":3858,"comment_status":"closed","ping_status":"closed","sticky":false,"template":"","format":"standard","meta":{"_acf_changed":false,"footnotes":""},"categories":[7],"tags":[574,576,437,575],"label":[],"country":[],"class_list":["post-3856","post","type-post","status-publish","format-standard","has-post-thumbnail","hentry","category-futbol","tag-gilberto-mora","tag-mundial-sub-20-2","tag-seleccion-mexicana","tag-xolos-tijuana"],"acf":[],"_links":{"self":[{"href":"https:\/\/betsson.sport\/es\/wp-json\/wp\/v2\/posts\/3856","targetHints":{"allow":["GET"]}}],"collection":[{"href":"https:\/\/betsson.sport\/es\/wp-json\/wp\/v2\/posts"}],"about":[{"href":"https:\/\/betsson.sport\/es\/wp-json\/wp\/v2\/types\/post"}],"author":[{"embeddable":true,"href":"https:\/\/betsson.sport\/es\/wp-json\/wp\/v2\/users\/20"}],"replies":[{"embeddable":true,"href":"https:\/\/betsson.sport\/es\/wp-json\/wp\/v2\/comments?post=3856"}],"version-history":[{"count":0,"href":"https:\/\/betsson.sport\/es\/wp-json\/wp\/v2\/posts\/3856\/revisions"}],"wp:featuredmedia":[{"embeddable":true,"href":"https:\/\/betsson.sport\/es\/wp-json\/wp\/v2\/media\/3858"}],"wp:attachment":[{"href":"https:\/\/betsson.sport\/es\/wp-json\/wp\/v2\/media?parent=3856"}],"wp:term":[{"taxonomy":"category","embeddable":true,"href":"https:\/\/betsson.sport\/es\/wp-json\/wp\/v2\/categories?post=3856"},{"taxonomy":"post_tag","embeddable":true,"href":"https:\/\/betsson.sport\/es\/wp-json\/wp\/v2\/tags?post=3856"},{"taxonomy":"label","embeddable":true,"href":"https:\/\/betsson.sport\/es\/wp-json\/wp\/v2\/label?post=3856"},{"taxonomy":"country","embeddable":true,"href":"https:\/\/betsson.sport\/es\/wp-json\/wp\/v2\/country?post=3856"}],"curies":[{"name":"wp","href":"https:\/\/api.w.org\/{rel}","templated":true}]}}