{"id":4211,"date":"2025-10-13T23:09:12","date_gmt":"2025-10-14T02:09:12","guid":{"rendered":"https:\/\/betsson.sport\/es\/?p=4211"},"modified":"2025-10-13T23:09:13","modified_gmt":"2025-10-14T02:09:13","slug":"nosotros-los-de-entonces-ya-no-somos-los-mismos","status":"publish","type":"post","link":"https:\/\/betsson.sport\/es\/noticias\/futbol\/nosotros-los-de-entonces-ya-no-somos-los-mismos\/","title":{"rendered":"Nosotros, los de entonces, ya no somos los mismos"},"content":{"rendered":"\n<p><\/p>\n\n\n\n<p>Salvo honrad\u00edsimas excepciones, las segundas partes nunca fueron buenas.<br>Queda muy claro que el trabajo de Ricardo Gareca al mando de la selecci\u00f3n peruana fue inconmensurable y que, precisamente por eso, es el favorito de gran parte de la afici\u00f3n nacional para volver a tomar las riendas de la blanquirroja. El suceso anterior estimula la idea de un nuevo \u00e9xito: por principio de transferencia, alguien que ha hecho algo grande en el pasado es probable que lo repita en el futuro. Gareca les dej\u00f3 la valla alta a todos, incluso a s\u00ed mismo.<\/p>\n\n\n\n<p>El contexto ha cambiado, el tiempo ha transcurrido y Ricardo viene de un sinsabor enorme en Chile. \u201cNosotros, los de entonces, ya no somos los mismos\u201d, dec\u00eda Pablo Neruda, y en esta situaci\u00f3n es innegablemente cierto. El Gareca que nos reconcili\u00f3 con nuestras ra\u00edces futboleras y arm\u00f3 una casa con palitos de f\u00f3sforos ya no necesariamente responde al perfil que est\u00e1 buscando la direcci\u00f3n de la Federaci\u00f3n Peruana de F\u00fatbol. \u201cAlguien que ayude a formar una estructura\u201d, ha dicho, a quien quiera o\u00edrlo, Jean Ferrari en distintas entrevistas.<\/p>\n\n\n\n<p>Gareca tiene ganado un espacio enorme dentro del coraz\u00f3n del peruano de a pie. Ni siquiera su marcha a Chile ha logrado mancillar ese recuerdo. Su legado es inmarcesible, y la gratitud tambi\u00e9n. Pero se avecinan vientos distintos en el f\u00fatbol incaico: energ\u00eda renovada, trabajo a largo plazo y nuevas ilusiones que nos hagan recordar que el f\u00fatbol peruano, poco a poco, ha vuelto a retomar el vuelo.<\/p>\n","protected":false},"excerpt":{"rendered":"<p>Salvo honrad\u00edsimas excepciones, las segundas partes nunca fueron buenas.Queda muy claro que el trabajo de Ricardo Gareca al mando de la selecci\u00f3n peruana fue inconmensurable y que, precisamente por eso, es el favorito de gran parte de la afici\u00f3n nacional para volver a tomar las riendas de la blanquirroja. El suceso anterior estimula la idea [&hellip;]<\/p>\n","protected":false},"author":15,"featured_media":4212,"comment_status":"closed","ping_status":"closed","sticky":false,"template":"","format":"standard","meta":{"_acf_changed":true,"footnotes":""},"categories":[7],"tags":[214,738,316],"label":[],"country":[],"class_list":["post-4211","post","type-post","status-publish","format-standard","has-post-thumbnail","hentry","category-futbol","tag-futbol-peruano-2","tag-gareca","tag-seleccion"],"acf":[],"_links":{"self":[{"href":"https:\/\/betsson.sport\/es\/wp-json\/wp\/v2\/posts\/4211","targetHints":{"allow":["GET"]}}],"collection":[{"href":"https:\/\/betsson.sport\/es\/wp-json\/wp\/v2\/posts"}],"about":[{"href":"https:\/\/betsson.sport\/es\/wp-json\/wp\/v2\/types\/post"}],"author":[{"embeddable":true,"href":"https:\/\/betsson.sport\/es\/wp-json\/wp\/v2\/users\/15"}],"replies":[{"embeddable":true,"href":"https:\/\/betsson.sport\/es\/wp-json\/wp\/v2\/comments?post=4211"}],"version-history":[{"count":0,"href":"https:\/\/betsson.sport\/es\/wp-json\/wp\/v2\/posts\/4211\/revisions"}],"wp:featuredmedia":[{"embeddable":true,"href":"https:\/\/betsson.sport\/es\/wp-json\/wp\/v2\/media\/4212"}],"wp:attachment":[{"href":"https:\/\/betsson.sport\/es\/wp-json\/wp\/v2\/media?parent=4211"}],"wp:term":[{"taxonomy":"category","embeddable":true,"href":"https:\/\/betsson.sport\/es\/wp-json\/wp\/v2\/categories?post=4211"},{"taxonomy":"post_tag","embeddable":true,"href":"https:\/\/betsson.sport\/es\/wp-json\/wp\/v2\/tags?post=4211"},{"taxonomy":"label","embeddable":true,"href":"https:\/\/betsson.sport\/es\/wp-json\/wp\/v2\/label?post=4211"},{"taxonomy":"country","embeddable":true,"href":"https:\/\/betsson.sport\/es\/wp-json\/wp\/v2\/country?post=4211"}],"curies":[{"name":"wp","href":"https:\/\/api.w.org\/{rel}","templated":true}]}}