{"id":4288,"date":"2025-10-17T02:25:31","date_gmt":"2025-10-17T05:25:31","guid":{"rendered":"https:\/\/betsson.sport\/es\/?p=4288"},"modified":"2026-01-08T10:40:20","modified_gmt":"2026-01-08T13:40:20","slug":"marcelo-diaz-la-ilusion-esta-intacta-queremos-llegar-a-la-final-de-la-sudamericana","status":"publish","type":"post","link":"https:\/\/betsson.sport\/es\/noticias\/futbol\/copa-sudamericana\/marcelo-diaz-la-ilusion-esta-intacta-queremos-llegar-a-la-final-de-la-sudamericana\/","title":{"rendered":"Marcelo D\u00edaz: \u201cLa ilusi\u00f3n est\u00e1 intacta, queremos llegar a la final de la Sudamericana\u201d"},"content":{"rendered":"\n<p>Marcelo D\u00edaz transmiti\u00f3 las expectativas que existen en Universidad de Chile, en medio de un final de temporada en la cual se juegan la posibilidad de conseguir el t\u00edtulo en la CONMEBOL Sudamericana, adem\u00e1s de asegurar su posici\u00f3n entre los tres primeros de la Liga de Primera \u2014donde actualmente figura segundo\u2014 para entrar directamente a la Libertadores 2026.<\/p>\n\n\n\n<p>En medio de una definici\u00f3n del f\u00fatbol chileno que parece encaminada para Coquimbo, dado que le lleva 14 puntos a los Azules y a la Cat\u00f3lica cuando restan siete jornadas, el equipo que dirige Gustavo \u00c1lvarez mantiene su enfoque en varios frentes.<\/p>\n\n\n\n<p>Uno de ellos es el internacional, con la serie frente a Lan\u00fas por el pase a la gran final de la Sudamericana. Por eso, el experimentado futbolista de 38 a\u00f1os dej\u00f3 en claro cu\u00e1n concentrado se encuentra el plantel.<\/p>\n\n\n\n<p>\u201cHemos entrenado bien y estamos preparando y analizando a Lan\u00fas, porque ser\u00e1 un rival dif\u00edcil, pero la ilusi\u00f3n est\u00e1 intacta en los jugadores, en el club y en nuestra gente, y nosotros vamos a dar todo para que as\u00ed sea\u201d, coment\u00f3 el Chelo en declaraciones a DSPORTS.<\/p>\n\n\n\n<p>Asimismo, se refiri\u00f3 a los castigos que le impuso la CONMEBOL al club a ra\u00edz de los incidentes ocurridos en la llave de octavos de final ante Independiente, sanci\u00f3n que impedir\u00e1 la presencia de p\u00fablico en el estadio. \u201cEs extra\u00f1o jugar sin gente, digo que es como volver a la pandemia. No es lo que nos gustar\u00eda, pero debemos adecuarnos\u201d, asegur\u00f3.<\/p>\n\n\n\n<p>Al analizar el duelo con el Granate, el exseleccionado chileno valor\u00f3 las virtudes del rival y la paridad de la llave. \u201cEs un equipo competitivo, de buenas individualidades que colectivamente funcionan, pero nosotros tambi\u00e9n lo somos. Es una llave pareja, que depender\u00e1 solamente de detalles el d\u00eda del partido y, quien se levante con el pie derecho, pasar\u00e1\u201d, explic\u00f3.<\/p>\n\n\n\n<p>Finalmente, D\u00edaz destac\u00f3 la importancia del partido de ida en Santiago. \u201cEl primer partido tiene que terminar a favor, porque es nuestra cancha, es donde nos sentimos c\u00f3modos, y la idea es salir con todo para luego esperar la revancha, sabiendo siempre que no se terminar\u00e1 en la ida\u201d, sentenci\u00f3 el mediocampista azul.<\/p>\n","protected":false},"excerpt":{"rendered":"<p>El capit\u00e1n de Universidad de Chile habl\u00f3 sobre el presente del equipo, que pelea por llegar a la final de la CONMEBOL Sudamericana y mantener su lugar en el podio del torneo local. Adem\u00e1s, analiz\u00f3 el pr\u00f3ximo cruce ante Lan\u00fas y lament\u00f3 no poder contar con su hinchada en casa.<\/p>\n","protected":false},"author":23,"featured_media":4291,"comment_status":"closed","ping_status":"closed","sticky":false,"template":"","format":"standard","meta":{"_acf_changed":false,"footnotes":""},"categories":[215],"tags":[73,121,759,102],"label":[],"country":[1475],"class_list":["post-4288","post","type-post","status-publish","format-standard","has-post-thumbnail","hentry","category-copa-sudamericana","tag-chile","tag-copa-sudamericana","tag-marcelo-diaz","tag-universidad-de-chile","country-chile"],"acf":[],"_links":{"self":[{"href":"https:\/\/betsson.sport\/es\/wp-json\/wp\/v2\/posts\/4288","targetHints":{"allow":["GET"]}}],"collection":[{"href":"https:\/\/betsson.sport\/es\/wp-json\/wp\/v2\/posts"}],"about":[{"href":"https:\/\/betsson.sport\/es\/wp-json\/wp\/v2\/types\/post"}],"author":[{"embeddable":true,"href":"https:\/\/betsson.sport\/es\/wp-json\/wp\/v2\/users\/23"}],"replies":[{"embeddable":true,"href":"https:\/\/betsson.sport\/es\/wp-json\/wp\/v2\/comments?post=4288"}],"version-history":[{"count":0,"href":"https:\/\/betsson.sport\/es\/wp-json\/wp\/v2\/posts\/4288\/revisions"}],"wp:featuredmedia":[{"embeddable":true,"href":"https:\/\/betsson.sport\/es\/wp-json\/wp\/v2\/media\/4291"}],"wp:attachment":[{"href":"https:\/\/betsson.sport\/es\/wp-json\/wp\/v2\/media?parent=4288"}],"wp:term":[{"taxonomy":"category","embeddable":true,"href":"https:\/\/betsson.sport\/es\/wp-json\/wp\/v2\/categories?post=4288"},{"taxonomy":"post_tag","embeddable":true,"href":"https:\/\/betsson.sport\/es\/wp-json\/wp\/v2\/tags?post=4288"},{"taxonomy":"label","embeddable":true,"href":"https:\/\/betsson.sport\/es\/wp-json\/wp\/v2\/label?post=4288"},{"taxonomy":"country","embeddable":true,"href":"https:\/\/betsson.sport\/es\/wp-json\/wp\/v2\/country?post=4288"}],"curies":[{"name":"wp","href":"https:\/\/api.w.org\/{rel}","templated":true}]}}