{"id":4488,"date":"2025-10-23T18:02:18","date_gmt":"2025-10-23T21:02:18","guid":{"rendered":"https:\/\/betsson.sport\/es\/?p=4488"},"modified":"2025-12-16T11:53:47","modified_gmt":"2025-12-16T14:53:47","slug":"este-equipo-me-representa-como-tecnico-y-como-hincha-costas-espera-con-ansias-la-revancha-en-el-cilindro","status":"publish","type":"post","link":"https:\/\/betsson.sport\/es\/noticias\/futbol\/copa-libertadores\/este-equipo-me-representa-como-tecnico-y-como-hincha-costas-espera-con-ansias-la-revancha-en-el-cilindro\/","title":{"rendered":"\u201cEste equipo me representa como t\u00e9cnico y como hincha\u201d Costas espera con ansias la revancha en el Cilindro."},"content":{"rendered":"\n<p>Gustavo Costas destac\u00f3 la entrega y el esfuerzo de sus jugadores, a pesar de que a Racing se le escap\u00f3 el partido casi en el \u00faltimo suspiro por el gol de Jorge Carrascal a los 43 minutos del segundo tiempo, que sell\u00f3 la victoria 1-0 de Flamengo.<\/p>\n\n\n\n<p>La Academia encaminaba un resultado positivo sobre el c\u00e9sped del Maracan\u00e1, pero en una de las \u00faltimas jugadas, el colombiano aprovech\u00f3 un rebote para rematar al arco vac\u00edo. La pelota se desvi\u00f3 en Marcos Rojo y termin\u00f3 dentro del arco, sentenciando una derrota que complica las aspiraciones del conjunto argentino.<\/p>\n\n\n\n<p>Ese gol tard\u00edo agreg\u00f3 presi\u00f3n sobre Racing, que ahora deber\u00e1 remontar la serie en el Cilindro de Avellaneda para so\u00f1ar con el pase a la final de la CONMEBOL Libertadores. Sin embargo, el t\u00e9cnico blanquiceleste expres\u00f3 una mezcla de orgullo y bronca por lo demostrado por su equipo.<\/p>\n\n\n\n<p>\u201cParece que fueron a la guerra y eso me da orgullo. Este equipo me representa como t\u00e9cnico y como hincha. El hincha no tiene que estar triste, tiene que estar orgulloso de este equipo. Tengo bronca, claro, pero estoy orgulloso\u201d, declar\u00f3 Costas en conferencia de prensa.<\/p>\n\n\n\n<p>El entrenador tambi\u00e9n resalt\u00f3 la jerarqu\u00eda del rival para dimensionar el m\u00e9rito de sus jugadores. \u201cEl f\u00fatbol te da eso que, aunque el otro tenga m\u00e1s, uno siente que se puede. Flamengo tiene una selecci\u00f3n\u201d, afirm\u00f3 el t\u00e9cnico de 62 a\u00f1os.<\/p>\n\n\n\n<p>En cuanto a la pol\u00e9mica del encuentro, Costas prefiri\u00f3 no apuntar contra el arbitraje luego del gol anulado a Santiago Sosa por infracci\u00f3n. \u201cNo voy a hablar del \u00e1rbitro, la verdad que no s\u00e9 por qu\u00e9 nos anularon el gol. Pero bueno, la habr\u00e1 visto. La gente del VAR tampoco llam\u00f3, habr\u00e1 sido muy grande (la falta)\u201d, expres\u00f3 con resignaci\u00f3n.<\/p>\n\n\n\n<p>Pese al marcador adverso, el DT mantiene la fe intacta de cara al partido de vuelta. \u201cTenemos que estar m\u00e1s juntos y vivos que nunca. En casa nos jugaremos el sue\u00f1o de poder ir a Lima... De poder, no: vamos a ir a Lima\u201d, sentenci\u00f3 con convicci\u00f3n.<\/p>\n\n\n\n<p>Racing no tendr\u00e1 actividad este fin de semana debido a las elecciones legislativas en Argentina, por lo que su atenci\u00f3n estar\u00e1 completamente puesta en la revancha ante Flamengo, que se definir\u00e1 el pr\u00f3ximo mi\u00e9rcoles en Avellaneda.<\/p>\n","protected":false},"excerpt":{"rendered":"<p>El entrenador de Racing destac\u00f3 la entrega de sus jugadores tras la derrota 1-0 ante Flamengo en el Maracan\u00e1 y conf\u00eda en revertir la serie de semifinales de la Copa Libertadores en Avellaneda.<\/p>\n","protected":false},"author":23,"featured_media":4491,"comment_status":"closed","ping_status":"closed","sticky":false,"template":"","format":"standard","meta":{"_acf_changed":true,"footnotes":""},"categories":[156],"tags":[213,360,412,239,440],"label":[],"country":[1473],"class_list":["post-4488","post","type-post","status-publish","format-standard","has-post-thumbnail","hentry","category-copa-libertadores","tag-conmebol","tag-copa-libertadores","tag-flamengo","tag-gustavo-costas","tag-racing-club","country-argentina"],"acf":[],"_links":{"self":[{"href":"https:\/\/betsson.sport\/es\/wp-json\/wp\/v2\/posts\/4488","targetHints":{"allow":["GET"]}}],"collection":[{"href":"https:\/\/betsson.sport\/es\/wp-json\/wp\/v2\/posts"}],"about":[{"href":"https:\/\/betsson.sport\/es\/wp-json\/wp\/v2\/types\/post"}],"author":[{"embeddable":true,"href":"https:\/\/betsson.sport\/es\/wp-json\/wp\/v2\/users\/23"}],"replies":[{"embeddable":true,"href":"https:\/\/betsson.sport\/es\/wp-json\/wp\/v2\/comments?post=4488"}],"version-history":[{"count":0,"href":"https:\/\/betsson.sport\/es\/wp-json\/wp\/v2\/posts\/4488\/revisions"}],"wp:featuredmedia":[{"embeddable":true,"href":"https:\/\/betsson.sport\/es\/wp-json\/wp\/v2\/media\/4491"}],"wp:attachment":[{"href":"https:\/\/betsson.sport\/es\/wp-json\/wp\/v2\/media?parent=4488"}],"wp:term":[{"taxonomy":"category","embeddable":true,"href":"https:\/\/betsson.sport\/es\/wp-json\/wp\/v2\/categories?post=4488"},{"taxonomy":"post_tag","embeddable":true,"href":"https:\/\/betsson.sport\/es\/wp-json\/wp\/v2\/tags?post=4488"},{"taxonomy":"label","embeddable":true,"href":"https:\/\/betsson.sport\/es\/wp-json\/wp\/v2\/label?post=4488"},{"taxonomy":"country","embeddable":true,"href":"https:\/\/betsson.sport\/es\/wp-json\/wp\/v2\/country?post=4488"}],"curies":[{"name":"wp","href":"https:\/\/api.w.org\/{rel}","templated":true}]}}