{"id":4846,"date":"2025-11-06T15:35:31","date_gmt":"2025-11-06T18:35:31","guid":{"rendered":"https:\/\/betsson.sport\/es\/?p=4846"},"modified":"2026-01-08T10:41:29","modified_gmt":"2026-01-08T13:41:29","slug":"el-sueno-del-ingeniero-pellegrini-quiere-cerrar-su-carrera-al-mando-de-la-roja","status":"publish","type":"post","link":"https:\/\/betsson.sport\/es\/noticias\/futbol\/el-sueno-del-ingeniero-pellegrini-quiere-cerrar-su-carrera-al-mando-de-la-roja\/","title":{"rendered":"El sue\u00f1o del Ingeniero: Pellegrini quiere cerrar su carrera al mando de La Roja"},"content":{"rendered":"\n<p>El mejor DT en la historia del balompi\u00e9 chileno volvi\u00f3 a gui\u00f1arle el ojo a <strong>'La Roja'<\/strong>, que se encuentra en la b\u00fasqueda activa del l\u00edder perfecto para capitanear la renovaci\u00f3n con miras al Mundial 2030. La pregunta era inevitable, y su respuesta, explosiva.<\/p>\n\n\n\n<p>En la previa del duelo del Real Betis contra el Olympique de Lyon por la Europa League, el chileno se llen\u00f3 de mesura, pero no pudo ocultar la <strong>fuerza de su anhelo personal: \"Mi sue\u00f1o es retirarme como t\u00e9cnico de Chile en el Mundial\"<\/strong><\/p>\n\n\n\n<p>La declaraci\u00f3n encendi\u00f3 la sala de prensa y provoc\u00f3 un sismo medi\u00e1tico en Sevilla y, sobre todo, en Santiago. Sin embargo, el estratega r\u00e1pidamente puso pa\u00f1os fr\u00edos al entusiasmo, introduciendo el gran obst\u00e1culo: el tiempo.<\/p>\n\n\n\n<p>Pellegrini suaviz\u00f3 su incendiaria frase con un ba\u00f1o de realidad contractual: \"En el momento adecuado veremos qu\u00e9 sucede en el futuro, hacia d\u00f3nde nos va a llevar. Nadie sabe lo que pasar\u00e1, nadie puede adivinar\".<\/p>\n\n\n\n<p>Actualmente, su enfoque est\u00e1 en el Benito Villamar\u00edn. <strong>\"No s\u00e9 cu\u00e1ndo se sabr\u00e1 algo de mi futuro, pero ahora estamos aqu\u00ed en Betis\"<\/strong>. Y el factor clave: \"Termino el contrato en junio (2026), en el momento adecuado veremos cu\u00e1l va a ser el camino a seguir, tanto por mi parte como por la del club\".<\/p>\n\n\n\n<p>El t\u00e9cnico genera un consenso absoluto para el banquillo de 'La Roja', pero su futuro pr\u00f3ximo est\u00e1 sellado en Sevilla, junto a un club que lo respeta, lo admira y agradece enormemente su estad\u00eda en la tienda heliopolitana.<\/p>\n\n\n\n<p>La ilusi\u00f3n es gigante, pero la realidad impone calma. \u00bfTendr\u00e1 la Federaci\u00f3n Chilena la paciencia necesaria para esperar hasta <strong>junio de 2026<\/strong> para que Pellegrini se vista, por fin, de Rojo? \u00bfO el Betis conseguir\u00e1 retenerlo una temporada m\u00e1s con una renovaci\u00f3n de \u00faltima hora? Solo queda esperar la pr\u00f3xima movida del 'Ingeniero'.<\/p>\n","protected":false},"excerpt":{"rendered":"<p>La frase que paraliz\u00f3 a Chile: Manuel Pellegrini se sincera como nunca antes sobre la Selecci\u00f3n Chilena y enciende la ilusi\u00f3n de todo un pa\u00eds. El 'Ingeniero' revel\u00f3 su m\u00e1ximo deseo en una conferencia de prensa que pasar\u00e1 a la historia.<\/p>\n","protected":false},"author":19,"featured_media":4847,"comment_status":"closed","ping_status":"closed","sticky":false,"template":"","format":"standard","meta":{"_acf_changed":true,"footnotes":""},"categories":[7],"tags":[327,73,178,331,311,988,618,315],"label":[],"country":[1475],"class_list":["post-4846","post","type-post","status-publish","format-standard","has-post-thumbnail","hentry","category-futbol","tag-betis","tag-chile","tag-futbol","tag-futbol-chileno","tag-la-roja","tag-manuel-pellegrini","tag-nicolas-cordova","tag-seleccion-chilena","country-chile"],"acf":[],"_links":{"self":[{"href":"https:\/\/betsson.sport\/es\/wp-json\/wp\/v2\/posts\/4846","targetHints":{"allow":["GET"]}}],"collection":[{"href":"https:\/\/betsson.sport\/es\/wp-json\/wp\/v2\/posts"}],"about":[{"href":"https:\/\/betsson.sport\/es\/wp-json\/wp\/v2\/types\/post"}],"author":[{"embeddable":true,"href":"https:\/\/betsson.sport\/es\/wp-json\/wp\/v2\/users\/19"}],"replies":[{"embeddable":true,"href":"https:\/\/betsson.sport\/es\/wp-json\/wp\/v2\/comments?post=4846"}],"version-history":[{"count":0,"href":"https:\/\/betsson.sport\/es\/wp-json\/wp\/v2\/posts\/4846\/revisions"}],"wp:featuredmedia":[{"embeddable":true,"href":"https:\/\/betsson.sport\/es\/wp-json\/wp\/v2\/media\/4847"}],"wp:attachment":[{"href":"https:\/\/betsson.sport\/es\/wp-json\/wp\/v2\/media?parent=4846"}],"wp:term":[{"taxonomy":"category","embeddable":true,"href":"https:\/\/betsson.sport\/es\/wp-json\/wp\/v2\/categories?post=4846"},{"taxonomy":"post_tag","embeddable":true,"href":"https:\/\/betsson.sport\/es\/wp-json\/wp\/v2\/tags?post=4846"},{"taxonomy":"label","embeddable":true,"href":"https:\/\/betsson.sport\/es\/wp-json\/wp\/v2\/label?post=4846"},{"taxonomy":"country","embeddable":true,"href":"https:\/\/betsson.sport\/es\/wp-json\/wp\/v2\/country?post=4846"}],"curies":[{"name":"wp","href":"https:\/\/api.w.org\/{rel}","templated":true}]}}