{"id":4875,"date":"2025-11-07T18:38:14","date_gmt":"2025-11-07T21:38:14","guid":{"rendered":"https:\/\/betsson.sport\/es\/?p=4875"},"modified":"2026-01-08T10:50:56","modified_gmt":"2026-01-08T13:50:56","slug":"guerrero-y-barcos-dos-leyendas-un-dilema-habra-espacio-para-ambos-en-alianza-lima","status":"publish","type":"post","link":"https:\/\/betsson.sport\/es\/noticias\/guerrero-y-barcos-dos-leyendas-un-dilema-habra-espacio-para-ambos-en-alianza-lima\/","title":{"rendered":"Guerrero y Barcos: dos leyendas, un dilema \u00bfhabr\u00e1 espacio para ambos en Alianza Lima?"},"content":{"rendered":"\n<p>Son los goleadores de Alianza Lima en toda la temporada. Paolo Guerrero con 16 y Hern\u00e1n Barcos con 14 tantos tuvieron a su cargo poco m\u00e1s del 40% de la producci\u00f3n goleadora del club en el a\u00f1o. Con un plus para ambos. No fueron titulares indiscutidos durante todos los partidos del 2025, sino que se repartieron los minutos tanto en el torneo local como en la Copa Libertadores y Sudamericana. Barcos marc\u00f3 en las tres, Paolo no pudo anotar en las tres llaves de la \u00faltima pero se perdi\u00f3 dos de los seis partidos por una lesi\u00f3n y solo tuvo veinte minutos en otros dos de ellos. A esos n\u00fameros habr\u00eda que agregarles que si algo no encontr\u00f3 Alianza durante toda la campa\u00f1a fue un colectivo que funcione de la mejor manera y genere una cantidad importante de ocasiones de gol por partido, lo cual obviamente dificulta la labor de los 9s de convertir. A\u00fan as\u00ed, los dos delanteros de 41 a\u00f1os buscaron y encontraron la forma de aportarle treinta dianas a su equipo entre los dos.<\/p>\n\n\n\n<p>Por lo anterior, hay varias inc\u00f3gnitas que el hincha y seguramente la dirigencia de Alianza se est\u00e1n planteando: \u00bfSe les debe renovar el contrato a ambos? \u00bfSe tiene que elegir a uno de los dos? o \u00bfHabr\u00eda que prescindir de los jugadores que m\u00e1s aportaron arriba? Los n\u00fameros pueden ayudar a definir esta situaci\u00f3n pero a la vez podr\u00edan plantear nuevas interrogantes. Si solo se toman en cuenta los de su producci\u00f3n, no habr\u00eda dudas de que lo m\u00e1s conveniente ser\u00eda quedarse con los dos. Sin embargo, el d\u00edgito que hace pensar al mundo Alianza si lo anterior es lo m\u00e1s adecuado es el de las edades de ambos. En caso de contar con Paolo y Hern\u00e1n durante el 2026 implicar\u00eda tener dos elementos de 42 a\u00f1os en la plantilla, pensando en que seguramente la instituci\u00f3n volver\u00e1 a tener doble o triple competencia como ocurri\u00f3 durante esta temporada. El desgaste, la cantidad de partidos o incluso alguna lesi\u00f3n, que ya sufrieron ambos este a\u00f1o, ser\u00edan un riesgo grande pensando en mejorar lo realizado este 2025. <\/p>\n\n\n\n<p>Tanto Guerrero como Barcos han expresado su deseo de continuar y ambos tienen motivos de sobra para pensar que tienen a\u00fan mucho por aportarle a Alianza durante el pr\u00f3ximo a\u00f1o. Si permanecen los dos y se piensa en traer otro delantero para que sea una competencia entre tres, \u00bfSer\u00eda sencillo convencer a ese posible refuerzo de venir sabiendo la dificultad que implicar\u00eda ganarse el puesto? \u00bfSe le podr\u00eda explicar a Paolo y Hern\u00e1n que seguir\u00edan para ser en muchos partidos el tercer delantero de la lista? \u00bfExiste manera de decirle a alguno de los dos hasta aqu\u00ed nom\u00e1s con los n\u00fameros que registraron no solo este sino los \u00faltimos a\u00f1os en sus carreras y en el club? Sin duda una decisi\u00f3n muy delicada pero linda de analizar futbol\u00edsticamente la que tendr\u00e1 Franco Navarro y compa\u00f1\u00eda en este cierre de a\u00f1o. <\/p>\n\n\n\n<p><\/p>\n","protected":false},"excerpt":{"rendered":"<p>Treinta de los 74 goles de Alianza en lo que va del a\u00f1o, los hicieron entre los dos. Tienen 42 a\u00f1os cada uno y siguen siendo goleadores y referentes. \u00bfQu\u00e9 hacer de cara al 2026?<\/p>\n","protected":false},"author":17,"featured_media":4877,"comment_status":"closed","ping_status":"closed","sticky":false,"template":"","format":"standard","meta":{"_acf_changed":true,"footnotes":""},"categories":[9],"tags":[122,994,366,201,376],"label":[],"country":[1479],"class_list":["post-4875","post","type-post","status-publish","format-standard","has-post-thumbnail","hentry","category-noticias","tag-alianza-lima","tag-franco-navarro","tag-hernan-barcos","tag-liga-1","tag-paolo-guerrero","country-peru"],"acf":[],"_links":{"self":[{"href":"https:\/\/betsson.sport\/es\/wp-json\/wp\/v2\/posts\/4875","targetHints":{"allow":["GET"]}}],"collection":[{"href":"https:\/\/betsson.sport\/es\/wp-json\/wp\/v2\/posts"}],"about":[{"href":"https:\/\/betsson.sport\/es\/wp-json\/wp\/v2\/types\/post"}],"author":[{"embeddable":true,"href":"https:\/\/betsson.sport\/es\/wp-json\/wp\/v2\/users\/17"}],"replies":[{"embeddable":true,"href":"https:\/\/betsson.sport\/es\/wp-json\/wp\/v2\/comments?post=4875"}],"version-history":[{"count":0,"href":"https:\/\/betsson.sport\/es\/wp-json\/wp\/v2\/posts\/4875\/revisions"}],"wp:featuredmedia":[{"embeddable":true,"href":"https:\/\/betsson.sport\/es\/wp-json\/wp\/v2\/media\/4877"}],"wp:attachment":[{"href":"https:\/\/betsson.sport\/es\/wp-json\/wp\/v2\/media?parent=4875"}],"wp:term":[{"taxonomy":"category","embeddable":true,"href":"https:\/\/betsson.sport\/es\/wp-json\/wp\/v2\/categories?post=4875"},{"taxonomy":"post_tag","embeddable":true,"href":"https:\/\/betsson.sport\/es\/wp-json\/wp\/v2\/tags?post=4875"},{"taxonomy":"label","embeddable":true,"href":"https:\/\/betsson.sport\/es\/wp-json\/wp\/v2\/label?post=4875"},{"taxonomy":"country","embeddable":true,"href":"https:\/\/betsson.sport\/es\/wp-json\/wp\/v2\/country?post=4875"}],"curies":[{"name":"wp","href":"https:\/\/api.w.org\/{rel}","templated":true}]}}