{"id":4947,"date":"2025-11-10T14:50:43","date_gmt":"2025-11-10T17:50:43","guid":{"rendered":"https:\/\/betsson.sport\/es\/?p=4947"},"modified":"2026-01-08T10:49:47","modified_gmt":"2026-01-08T13:49:47","slug":"dybala-y-boca-una-historia-que-podria-hacerse-realidad","status":"publish","type":"post","link":"https:\/\/betsson.sport\/es\/noticias\/dybala-y-boca-una-historia-que-podria-hacerse-realidad\/","title":{"rendered":"Dybala y Boca, una historia que podr\u00eda hacerse realidad"},"content":{"rendered":"\n<p>En Boca Juniors todo es felicidad despu\u00e9s de la victoria por 2-0 sobre River en el Supercl\u00e1sico disputado el domingo en La Bombonera. Sin embargo, m\u00e1s all\u00e1 de la alegr\u00eda por el triunfo, un rumor comenz\u00f3 a ilusionar a los hinchas: la posible llegada de Paulo Dybala al club en 2026.<\/p>\n\n\n\n<p>El plantel dirigido por Claudio \u00dabeda ya cuenta con figuras de jerarqu\u00eda como Leandro Paredes, campe\u00f3n del mundo y de la Copa Am\u00e9rica con la Selecci\u00f3n Argentina. Y fue justamente desde el entorno del mediocampista que surgi\u00f3 la versi\u00f3n de un posible reencuentro con su excompa\u00f1ero de la Roma.<\/p>\n\n\n\n<p>Daniel Paredes, padre del volante, habl\u00f3 con <strong>Cadena Xeneize<\/strong> y dej\u00f3 declaraciones que despertaron el entusiasmo de los fan\u00e1ticos: <em>\u201cYo s\u00e9 cosas. S\u00e9 que Paulo quiere venir. Tiene corazoncito de Boca. Escuch\u00e9 una conversaci\u00f3n entre ellos, y Paulo le dijo que ven\u00eda. Van a jugar juntos\u201d<\/em>, revel\u00f3.<\/p>\n\n\n\n<p>Adem\u00e1s, agreg\u00f3 un detalle personal sobre el momento que atraviesa el delantero cordob\u00e9s junto a su esposa, Oriana Sabatini, quien se encuentra embarazada: <em>\u201cLa nena va a ser hincha de Boca y lo va a ver a su pap\u00e1 en La Bombonera\u201d<\/em>, expres\u00f3 con una sonrisa.<\/p>\n\n\n\n<p>Cabe recordar que Paredes y Dybala compartieron vestuario en la Roma, donde forjaron una gran relaci\u00f3n tanto dentro como fuera del campo. El atacante de 31 a\u00f1os, que tiene contrato con el club italiano hasta mediados de 2026, vive una temporada irregular marcada por las lesiones. Hasta el momento, acumula ocho partidos disputados en la Serie A con un gol y una asistencia, adem\u00e1s de un tanto convertido en la Europa League.<\/p>\n\n\n\n<p>Si bien no hay negociaciones formales entre Boca y la Roma, las declaraciones del padre de Paredes reavivan una ilusi\u00f3n que muchos hinchas xeneizes han sostenido durante a\u00f1os: ver a Dybala cumpliendo su sue\u00f1o de jugar en La Bombonera.<\/p>\n","protected":false},"excerpt":{"rendered":"<p>Tras el triunfo ante River, una confesi\u00f3n del entorno de Leandro Paredes ilusiona a los hinchas xeneizes. Seg\u00fan su padre, Paulo Dybala tiene el deseo de regresar al pa\u00eds y vestir la camiseta azul y oro.<\/p>\n","protected":false},"author":23,"featured_media":4945,"comment_status":"closed","ping_status":"closed","sticky":false,"template":"","format":"standard","meta":{"_acf_changed":true,"footnotes":""},"categories":[9],"tags":[52,57,240,457,1030],"label":[],"country":[1473],"class_list":["post-4947","post","type-post","status-publish","format-standard","has-post-thumbnail","hentry","category-noticias","tag-argentina","tag-boca-juniors","tag-futbol-argentino","tag-leandro-paredes","tag-paulo-dybala","country-argentina"],"acf":[],"_links":{"self":[{"href":"https:\/\/betsson.sport\/es\/wp-json\/wp\/v2\/posts\/4947","targetHints":{"allow":["GET"]}}],"collection":[{"href":"https:\/\/betsson.sport\/es\/wp-json\/wp\/v2\/posts"}],"about":[{"href":"https:\/\/betsson.sport\/es\/wp-json\/wp\/v2\/types\/post"}],"author":[{"embeddable":true,"href":"https:\/\/betsson.sport\/es\/wp-json\/wp\/v2\/users\/23"}],"replies":[{"embeddable":true,"href":"https:\/\/betsson.sport\/es\/wp-json\/wp\/v2\/comments?post=4947"}],"version-history":[{"count":0,"href":"https:\/\/betsson.sport\/es\/wp-json\/wp\/v2\/posts\/4947\/revisions"}],"wp:featuredmedia":[{"embeddable":true,"href":"https:\/\/betsson.sport\/es\/wp-json\/wp\/v2\/media\/4945"}],"wp:attachment":[{"href":"https:\/\/betsson.sport\/es\/wp-json\/wp\/v2\/media?parent=4947"}],"wp:term":[{"taxonomy":"category","embeddable":true,"href":"https:\/\/betsson.sport\/es\/wp-json\/wp\/v2\/categories?post=4947"},{"taxonomy":"post_tag","embeddable":true,"href":"https:\/\/betsson.sport\/es\/wp-json\/wp\/v2\/tags?post=4947"},{"taxonomy":"label","embeddable":true,"href":"https:\/\/betsson.sport\/es\/wp-json\/wp\/v2\/label?post=4947"},{"taxonomy":"country","embeddable":true,"href":"https:\/\/betsson.sport\/es\/wp-json\/wp\/v2\/country?post=4947"}],"curies":[{"name":"wp","href":"https:\/\/api.w.org\/{rel}","templated":true}]}}