{"id":4973,"date":"2025-11-11T15:15:35","date_gmt":"2025-11-11T18:15:35","guid":{"rendered":"https:\/\/betsson.sport\/es\/?p=4973"},"modified":"2026-01-08T10:34:41","modified_gmt":"2026-01-08T13:34:41","slug":"messi-entre-la-nostalgia-por-barcelona-y-la-ilusion-del-mundial-2026-no-quiero-ser-una-carga-para-la-seleccion","status":"publish","type":"post","link":"https:\/\/betsson.sport\/es\/noticias\/futbol\/messi-entre-la-nostalgia-por-barcelona-y-la-ilusion-del-mundial-2026-no-quiero-ser-una-carga-para-la-seleccion\/","title":{"rendered":"Messi, entre la nostalgia por Barcelona y la ilusi\u00f3n del Mundial 2026: \u201cNo quiero ser una carga para la Selecci\u00f3n\u201d"},"content":{"rendered":"\n<p>Mientras se prepara con la Selecci\u00f3n Argentina para el amistoso ante Angola en Luanda, Lionel Messi volvi\u00f3 a disfrutar de unos d\u00edas en Espa\u00f1a y aprovech\u00f3 la ocasi\u00f3n para visitar el Camp Nou, donde brind\u00f3 declaraciones a medios locales que r\u00e1pidamente dieron la vuelta al mundo.<\/p>\n\n\n\n<p>El rosarino, de 38 a\u00f1os, atraviesa un tramo clave de la temporada con Inter Miami, que en diez d\u00edas disputar\u00e1 las semifinales de la Conferencia Este de la MLS. Sin embargo, su mayor objetivo sigue siendo llegar en plenitud f\u00edsica a la Copa Mundial 2026, torneo que podr\u00eda marcar su despedida del f\u00fatbol de selecciones.<\/p>\n\n\n\n<p>A pesar de las molestias f\u00edsicas que lo han acompa\u00f1ado durante 2025, Messi contin\u00faa mostrando un alto nivel en Estados Unidos. Consultado sobre la posibilidad de defender la corona mundial, el capit\u00e1n argentino no ocult\u00f3 su entusiasmo: \u201cS\u00ed, obviamente que s\u00ed. Es un Mundial especial, es especial jugar con la Selecci\u00f3n, y m\u00e1s despu\u00e9s de haberlo ganado\u201d, expres\u00f3 en di\u00e1logo con <em>Sport<\/em>.<\/p>\n\n\n\n<p>No obstante, el astro fue cauto respecto a su participaci\u00f3n: \u201cNo quiero ser, entre comillas, una carga. Me quiero sentir bien f\u00edsicamente, estar seguro de que puedo ayudar y aportar cosas al grupo\u201d.<\/p>\n\n\n\n<p>Messi tambi\u00e9n se refiri\u00f3 a la preparaci\u00f3n previa al torneo y la diferencia de calendario con Europa: \u201cNuestra temporada en Estados Unidos es diferente. Vamos a tener una pretemporada antes del Mundial y pocos partidos, as\u00ed que todo depender\u00e1 del d\u00eda a d\u00eda y de c\u00f3mo me sienta f\u00edsicamente\u201d, explic\u00f3.<\/p>\n\n\n\n<p>M\u00e1s all\u00e1 de lo deportivo, su paso por Barcelona volvi\u00f3 a despertar emociones profundas. En su regreso al estadio donde hizo historia, el capit\u00e1n de la Albiceleste habl\u00f3 con nostalgia: \u201cEs espectacular estar ac\u00e1. Todo lo que me llega de la gente y de esa etapa me agarra un poco de emoci\u00f3n y nostalgia. Extra\u00f1o mucho esos momentos\u201d.<\/p>\n\n\n\n<p>Adem\u00e1s, reconoci\u00f3 que hoy valora m\u00e1s lo que vivi\u00f3 en el club: \u201cQuiz\u00e1 lo disfruto m\u00e1s ahora que cuando pasaban las cosas. En ese momento no ten\u00edas tiempo para detenerte, era jugar y pensar en el siguiente partido. Ahora, con m\u00e1s calma, se vive distinto\u201d.<\/p>\n\n\n\n<p>Con una carrera de m\u00e1s de 20 a\u00f1os vinculada al Barcelona, Messi reafirm\u00f3 el v\u00ednculo emocional con el club y la ciudad: \u201cFueron muchos a\u00f1os, muchas cosas vividas. Estoy agradecido a Dios por haberme llevado ah\u00ed de ni\u00f1o. Mis hijos nacieron en Barcelona y tengo un cari\u00f1o enorme por el club y la ciudad\u201d.<\/p>\n\n\n\n<p>Entre la nostalgia del pasado y la ilusi\u00f3n de un nuevo Mundial, Messi vive una etapa de reflexi\u00f3n, equilibrio y esperanza, con la mirada puesta en seguir haciendo historia con la camiseta argentina.<\/p>\n","protected":false},"excerpt":{"rendered":"<p>Durante su visita al Camp Nou, el capit\u00e1n argentino habl\u00f3 sobre su presente en Inter Miami, su preparaci\u00f3n para la Copa del Mundo y los recuerdos que le dej\u00f3 su paso por el Barcelona. \u201cEstoy ilusionado, pero quiero llegar bien f\u00edsicamente\u201d, afirm\u00f3.<\/p>\n","protected":false},"author":23,"featured_media":4971,"comment_status":"closed","ping_status":"closed","sticky":true,"template":"","format":"standard","meta":{"_acf_changed":true,"footnotes":""},"categories":[7],"tags":[52,237,240,391,499],"label":[],"country":[1473],"class_list":["post-4973","post","type-post","status-publish","format-standard","has-post-thumbnail","hentry","category-futbol","tag-argentina","tag-barcelona","tag-futbol-argentino","tag-lionel-messi","tag-messi","country-argentina"],"acf":[],"_links":{"self":[{"href":"https:\/\/betsson.sport\/es\/wp-json\/wp\/v2\/posts\/4973","targetHints":{"allow":["GET"]}}],"collection":[{"href":"https:\/\/betsson.sport\/es\/wp-json\/wp\/v2\/posts"}],"about":[{"href":"https:\/\/betsson.sport\/es\/wp-json\/wp\/v2\/types\/post"}],"author":[{"embeddable":true,"href":"https:\/\/betsson.sport\/es\/wp-json\/wp\/v2\/users\/23"}],"replies":[{"embeddable":true,"href":"https:\/\/betsson.sport\/es\/wp-json\/wp\/v2\/comments?post=4973"}],"version-history":[{"count":0,"href":"https:\/\/betsson.sport\/es\/wp-json\/wp\/v2\/posts\/4973\/revisions"}],"wp:featuredmedia":[{"embeddable":true,"href":"https:\/\/betsson.sport\/es\/wp-json\/wp\/v2\/media\/4971"}],"wp:attachment":[{"href":"https:\/\/betsson.sport\/es\/wp-json\/wp\/v2\/media?parent=4973"}],"wp:term":[{"taxonomy":"category","embeddable":true,"href":"https:\/\/betsson.sport\/es\/wp-json\/wp\/v2\/categories?post=4973"},{"taxonomy":"post_tag","embeddable":true,"href":"https:\/\/betsson.sport\/es\/wp-json\/wp\/v2\/tags?post=4973"},{"taxonomy":"label","embeddable":true,"href":"https:\/\/betsson.sport\/es\/wp-json\/wp\/v2\/label?post=4973"},{"taxonomy":"country","embeddable":true,"href":"https:\/\/betsson.sport\/es\/wp-json\/wp\/v2\/country?post=4973"}],"curies":[{"name":"wp","href":"https:\/\/api.w.org\/{rel}","templated":true}]}}