{"id":4992,"date":"2025-11-12T14:22:28","date_gmt":"2025-11-12T17:22:28","guid":{"rendered":"https:\/\/betsson.sport\/es\/?p=4992"},"modified":"2026-01-08T10:48:11","modified_gmt":"2026-01-08T13:48:11","slug":"matias-galarza-fonda-le-ganamos-a-los-campeones-del-mundo-y-estamos-preparados-para-salir-campeones","status":"publish","type":"post","link":"https:\/\/betsson.sport\/es\/noticias\/futbol\/matias-galarza-fonda-le-ganamos-a-los-campeones-del-mundo-y-estamos-preparados-para-salir-campeones\/","title":{"rendered":"De la derrota con River al sue\u00f1o mundialista: Galarza Fonda se enfoca en Paraguay"},"content":{"rendered":"\n<p>Mat\u00edas Galarza Fonda ha cambiado el chip luego del disgusto por haber perdido el Supercl\u00e1sico junto a River Plate a manos de Boca Juniors el pasado domingo. El mediocampista ya luce entusiasmado en la concentraci\u00f3n de la Selecci\u00f3n paraguaya en Delaware, donde se prepara para la inminente fecha FIFA.<\/p>\n\n\n\n<p>Los dirigidos por Gustavo Alfaro afrontar\u00e1n una doble jornada ante dos de los anfitriones del pr\u00f3ximo Mundial. Este s\u00e1bado se medir\u00e1n con Estados Unidos en Chester, Pennsylvania, mientras que el martes 18 chocar\u00e1n frente a M\u00e9xico en el Alamodome de San Antonio.<\/p>\n\n\n\n<p>Galarza Fonda, que milita en el f\u00fatbol argentino, no s\u00f3lo espera con ilusi\u00f3n los amistosos venideros, sino que tambi\u00e9n mira con ambici\u00f3n lo que ser\u00e1 el gran evento del 2026. \u201cNuestro objetivo es salir campe\u00f3n. Le ganamos a los campeones del mundo y estamos preparados para salir campeones\u201d, se\u00f1al\u00f3 el volante, recordando el triunfo sobre Argentina en las Eliminatorias.<\/p>\n\n\n\n<p>El futbolista tambi\u00e9n destac\u00f3 el buen ambiente que se vive en la selecci\u00f3n guaran\u00ed. \u201cEn lo personal me siento como en casa, es una familia. Nos estamos preparando como si fuera el Mundial\u201d, asegur\u00f3 en declaraciones al departamento de prensa de la Albirroja.<\/p>\n\n\n\n<p>Adem\u00e1s, resalt\u00f3 la emoci\u00f3n que le genera haber clasificado al Mundial tras 16 a\u00f1os de ausencia. \u201cEs algo \u00fanico, so\u00f1ado lo que estoy viviendo. Me pone contento y estoy trabajando para poder estar en la lista final\u201d, expres\u00f3.<\/p>\n\n\n\n<p>A sus 23 a\u00f1os, Galarza Fonda viste la camiseta de Paraguay desde agosto de 2022 y fue una de las piezas clave en el proceso clasificatorio, aportando dos goles: uno en la victoria 2-0 sobre Uruguay en junio y otro en el 1-0 ante Per\u00fa en septiembre.<\/p>\n","protected":false},"excerpt":{"rendered":"<p>El mediocampista paraguayo dej\u00f3 atr\u00e1s la derrota en el Supercl\u00e1sico argentino y se muestra enfocado en los amistosos de la Albirroja ante Estados Unidos y M\u00e9xico, con la mira puesta en el Mundial 2026.<\/p>\n","protected":false},"author":23,"featured_media":4994,"comment_status":"closed","ping_status":"closed","sticky":false,"template":"","format":"standard","meta":{"_acf_changed":true,"footnotes":""},"categories":[7],"tags":[243,1053,71,708],"label":[],"country":[1473,1478],"class_list":["post-4992","post","type-post","status-publish","format-standard","has-post-thumbnail","hentry","category-futbol","tag-futbol-paraguayo","tag-matias-galarza-fonda","tag-paraguay","tag-seleccion-paraguaya","country-argentina","country-paraguay"],"acf":[],"_links":{"self":[{"href":"https:\/\/betsson.sport\/es\/wp-json\/wp\/v2\/posts\/4992","targetHints":{"allow":["GET"]}}],"collection":[{"href":"https:\/\/betsson.sport\/es\/wp-json\/wp\/v2\/posts"}],"about":[{"href":"https:\/\/betsson.sport\/es\/wp-json\/wp\/v2\/types\/post"}],"author":[{"embeddable":true,"href":"https:\/\/betsson.sport\/es\/wp-json\/wp\/v2\/users\/23"}],"replies":[{"embeddable":true,"href":"https:\/\/betsson.sport\/es\/wp-json\/wp\/v2\/comments?post=4992"}],"version-history":[{"count":0,"href":"https:\/\/betsson.sport\/es\/wp-json\/wp\/v2\/posts\/4992\/revisions"}],"wp:featuredmedia":[{"embeddable":true,"href":"https:\/\/betsson.sport\/es\/wp-json\/wp\/v2\/media\/4994"}],"wp:attachment":[{"href":"https:\/\/betsson.sport\/es\/wp-json\/wp\/v2\/media?parent=4992"}],"wp:term":[{"taxonomy":"category","embeddable":true,"href":"https:\/\/betsson.sport\/es\/wp-json\/wp\/v2\/categories?post=4992"},{"taxonomy":"post_tag","embeddable":true,"href":"https:\/\/betsson.sport\/es\/wp-json\/wp\/v2\/tags?post=4992"},{"taxonomy":"label","embeddable":true,"href":"https:\/\/betsson.sport\/es\/wp-json\/wp\/v2\/label?post=4992"},{"taxonomy":"country","embeddable":true,"href":"https:\/\/betsson.sport\/es\/wp-json\/wp\/v2\/country?post=4992"}],"curies":[{"name":"wp","href":"https:\/\/api.w.org\/{rel}","templated":true}]}}