{"id":5113,"date":"2025-11-17T14:56:13","date_gmt":"2025-11-17T17:56:13","guid":{"rendered":"https:\/\/betsson.sport\/es\/?p=5113"},"modified":"2026-01-08T10:32:32","modified_gmt":"2026-01-08T13:32:32","slug":"gareca-cansado-del-fuego-cruzado-ni-haber-dirigido-casi-100-partidos-alcanza-para-dar-una-opinion","status":"publish","type":"post","link":"https:\/\/betsson.sport\/es\/noticias\/gareca-cansado-del-fuego-cruzado-ni-haber-dirigido-casi-100-partidos-alcanza-para-dar-una-opinion\/","title":{"rendered":"Gareca, cansado del fuego cruzado: \u201cNi haber dirigido casi 100 partidos alcanza para dar una opini\u00f3n\u201d"},"content":{"rendered":"\n<p>Ricardo Gareca volvi\u00f3 a ser protagonista en los \u00faltimos d\u00edas por sus an\u00e1lisis respecto al complicado presente de la Selecci\u00f3n Peruana, que qued\u00f3 fuera del Mundial 2026 tras finalizar en el noveno puesto de las Eliminatorias Sudamericanas.<\/p>\n\n\n\n<p>Sus comentarios no cayeron bien en la interna de la Federaci\u00f3n Peruana de F\u00fatbol. Jean Ferrari, actual director general, cuestion\u00f3 al t\u00e9cnico argentino al afirmar que la Bicolor atraviesa \u201cun proceso que debi\u00f3 iniciar en su \u00e9poca y no lo hizo\u201d, adem\u00e1s de mostrarse inc\u00f3modo por la frecuencia con la que el ex entrenador brinda entrevistas.<\/p>\n\n\n\n<p>Estas declaraciones llevaron a Gareca a replantearse seguir opinando sobre el combinado nacional, pese a que \u2013seg\u00fan \u00e9l\u2013 siempre lo hizo desde el respeto y con intenci\u00f3n constructiva. \u201cLo \u00faltimo que me dijeron fueron las declaraciones de Ferrari. No s\u00e9 puntualmente lo que dijo, porque no me interesa. Estoy pensando seriamente en no hablar m\u00e1s de la Selecci\u00f3n. Todo se toma a mal y no estoy a gusto con eso, nunca busco generar pol\u00e9mica\u201d, sostuvo en el programa \u2018Doble Punta\u2019.<\/p>\n\n\n\n<p>El Flaco record\u00f3 el conocimiento que tiene del equipo y su trayectoria al mando. \u201cSoy el t\u00e9cnico que m\u00e1s dirigi\u00f3 a Per\u00fa en la historia, tengo casi 100 partidos, pero pareciera que eso no basta para dar una opini\u00f3n, porque todo se toma mal. Mi intenci\u00f3n es comentar desde la experiencia, no perjudicar\u201d, expres\u00f3.<\/p>\n\n\n\n<p>Gareca dirigi\u00f3 a la Bicolor entre 2015 y 2022, clasific\u00e1ndola al Mundial de Rusia 2018 tras 36 a\u00f1os de ausencia y qued\u00e1ndose a un paso de Qatar 2022, donde cay\u00f3 en penales ante Australia en el repechaje intercontinental.<\/p>\n\n\n\n<p>El t\u00e9cnico de 67 a\u00f1os defendi\u00f3 su postura hist\u00f3rica de evitar conflictos. \u201cJam\u00e1s hicimos una cr\u00edtica de nadie y eso que pas\u00f3 de todo. Siempre mantuvimos una l\u00ednea de respeto, sin entrar en pol\u00e9micas ni responder ataques\u201d, afirm\u00f3.<\/p>\n\n\n\n<p>Al ser consultado por la actualidad del equipo, hoy dirigido interinamente por Manuel Barreto, el estratega se mostr\u00f3 reservado. \u201cCualquier opini\u00f3n la pueden tomar mal. Estar al frente de la Selecci\u00f3n requiere equilibrio y cualquier cosa puede verse como una discusi\u00f3n. No quiero eso por la gente, porque cansa\u201d, se\u00f1al\u00f3.<\/p>\n\n\n\n<p>Finalmente, admiti\u00f3 que su intenci\u00f3n es bajar el perfil. \u201cAtiendo a los medios porque no vengo mucho al Per\u00fa y entiendo que viv\u00ed momentos fuertes con el pa\u00eds. El periodismo quiere saber mi opini\u00f3n, pero hasta eso molesta. Ahora quiero quedarme en silencio y no dar m\u00e1s notas para no generar problemas\u201d, sentenci\u00f3.<\/p>\n","protected":false},"excerpt":{"rendered":"<p>El ex t\u00e9cnico de la Bicolor, molesto por las respuestas a sus \u00faltimos an\u00e1lisis, asegur\u00f3 que sus opiniones siempre fueron constructivas y revel\u00f3 que eval\u00faa guardar silencio para evitar m\u00e1s pol\u00e9micas.<\/p>\n","protected":false},"author":23,"featured_media":5114,"comment_status":"closed","ping_status":"closed","sticky":false,"template":"","format":"standard","meta":{"_acf_changed":true,"footnotes":""},"categories":[9],"tags":[206,662,68,1112,558],"label":[],"country":[1479],"class_list":["post-5113","post","type-post","status-publish","format-standard","has-post-thumbnail","hentry","category-noticias","tag-futbol-peruano","tag-jean-ferrari","tag-peru","tag-ricardo-gareca","tag-seleccion-peruana","country-peru"],"acf":[],"_links":{"self":[{"href":"https:\/\/betsson.sport\/es\/wp-json\/wp\/v2\/posts\/5113","targetHints":{"allow":["GET"]}}],"collection":[{"href":"https:\/\/betsson.sport\/es\/wp-json\/wp\/v2\/posts"}],"about":[{"href":"https:\/\/betsson.sport\/es\/wp-json\/wp\/v2\/types\/post"}],"author":[{"embeddable":true,"href":"https:\/\/betsson.sport\/es\/wp-json\/wp\/v2\/users\/23"}],"replies":[{"embeddable":true,"href":"https:\/\/betsson.sport\/es\/wp-json\/wp\/v2\/comments?post=5113"}],"version-history":[{"count":0,"href":"https:\/\/betsson.sport\/es\/wp-json\/wp\/v2\/posts\/5113\/revisions"}],"wp:featuredmedia":[{"embeddable":true,"href":"https:\/\/betsson.sport\/es\/wp-json\/wp\/v2\/media\/5114"}],"wp:attachment":[{"href":"https:\/\/betsson.sport\/es\/wp-json\/wp\/v2\/media?parent=5113"}],"wp:term":[{"taxonomy":"category","embeddable":true,"href":"https:\/\/betsson.sport\/es\/wp-json\/wp\/v2\/categories?post=5113"},{"taxonomy":"post_tag","embeddable":true,"href":"https:\/\/betsson.sport\/es\/wp-json\/wp\/v2\/tags?post=5113"},{"taxonomy":"label","embeddable":true,"href":"https:\/\/betsson.sport\/es\/wp-json\/wp\/v2\/label?post=5113"},{"taxonomy":"country","embeddable":true,"href":"https:\/\/betsson.sport\/es\/wp-json\/wp\/v2\/country?post=5113"}],"curies":[{"name":"wp","href":"https:\/\/api.w.org\/{rel}","templated":true}]}}