{"id":5277,"date":"2025-11-24T16:41:32","date_gmt":"2025-11-24T19:41:32","guid":{"rendered":"https:\/\/betsson.sport\/es\/?p=5277"},"modified":"2026-01-08T10:40:58","modified_gmt":"2026-01-08T13:40:58","slug":"arturo-vidal-responde-a-las-criticas-y-promete-luchar-por-la-sudamericana-con-colo-colo","status":"publish","type":"post","link":"https:\/\/betsson.sport\/es\/noticias\/futbol\/copa-sudamericana\/arturo-vidal-responde-a-las-criticas-y-promete-luchar-por-la-sudamericana-con-colo-colo\/","title":{"rendered":"Arturo Vidal responde a las cr\u00edticas y promete luchar por la Sudamericana con Colo Colo"},"content":{"rendered":"\n<p>Arturo Vidal atraviesa un a\u00f1o complicado en Colo Colo, marcado por resultados colectivos irregulares y un rendimiento personal lejos de su mejor versi\u00f3n. La frustraci\u00f3n es evidente: el Cacique termin\u00f3 \u00faltimo en su grupo de Copa Libertadores, tuvo un paso err\u00e1tico en el torneo local y sufri\u00f3 la salida de Jorge Almir\u00f3n, t\u00e9cnico con el que el volante hab\u00eda sido campe\u00f3n la temporada pasada.<\/p>\n\n\n\n<p>En medio de este escenario, el Rey busca cerrar el a\u00f1o con un premio consuelo: clasificar a la Copa Sudamericana 2026, sin importar el rol que le toque cumplir. Prueba de ello fue su presencia en el banco durante la reciente goleada 4-1 sobre Uni\u00f3n La Calera, en la que ingres\u00f3 reci\u00e9n a los 19 minutos del segundo tiempo. Los goles albos fueron obra de Lucas Cepeda, Javier Correa, V\u00edctor M\u00e9ndez y Salom\u00f3n Rodr\u00edguez.<\/p>\n\n\n\n<p>\u00bfLe afecta esta situaci\u00f3n al mediocampista de 38 a\u00f1os? Por ahora, parece que no. Vidal asegur\u00f3 que est\u00e1 enfocado en aportar desde donde le toque. \u201cEstoy preparado para lo que venga, si tengo que ayudar al equipo de afuera lo voy a hacer\u201d, dijo en zona mixta tras el triunfo sobre los Cementeros.<\/p>\n\n\n\n<p>El ex Bayern Munich y Barcelona a\u00f1adi\u00f3 que mantiene la calma pese a las dificultades. \u201cMe lo tomo con tranquilidad. El equipo lo hizo espectacular hoy y siempre el equipo que gana sigue. Ya ven\u00edan de dos triunfos y lo m\u00e1s importante es que el equipo ya se meti\u00f3 en carrera\u201d.<\/p>\n\n\n\n<p>Fiel a su estilo, Vidal tambi\u00e9n lanz\u00f3 una frase cargada de confianza: \u201cSiempre me he tenido mucha fe, y s\u00e9 que si estoy f\u00edsicamente bien, no hay ni uno que se pueda igualar a m\u00ed\u201d. Afirm\u00f3, adem\u00e1s, que entendi\u00f3 su suplencia ante La Calera. \u201cFue porque vengo de una lesi\u00f3n, no porque haya alguien mejor que yo. S\u00ed, f\u00edsicamente estaban mejor, porque hace cuatro semanas que no juego, solo he entrenado. Entonces es dif\u00edcil meterse ya faltando tan poco para que termine el campeonato\u201d.<\/p>\n\n\n\n<p>Colo Colo ocupa actualmente el s\u00e9ptimo puesto del torneo, aferr\u00e1ndose al \u00faltimo cupo hacia la Sudamericana con 44 puntos, los mismos que Cobresal pero con mejor diferencia de gol. Palestino (45) y Audax Italiano (46) tambi\u00e9n luchan por asegurar su presencia internacional.<\/p>\n\n\n\n<p>A dos fechas del final, al equipo de Fernando Ortiz le esperan dos duelos decisivos: primero ante Cobresal, este viernes en El Salvador, y luego el cierre del torneo frente a Audax Italiano.<\/p>\n","protected":false},"excerpt":{"rendered":"<p>El mediocampista reconoci\u00f3 su bajo ritmo tras la lesi\u00f3n, pero asegur\u00f3 que est\u00e1 listo para ayudar desde donde le toque mientras el Cacique pelea por un cupo internacional.<\/p>\n","protected":false},"author":23,"featured_media":5279,"comment_status":"closed","ping_status":"closed","sticky":false,"template":"","format":"standard","meta":{"_acf_changed":true,"footnotes":""},"categories":[215],"tags":[322,73,103,331],"label":[],"country":[1475],"class_list":["post-5277","post","type-post","status-publish","format-standard","has-post-thumbnail","hentry","category-copa-sudamericana","tag-arturo-vidal","tag-chile","tag-colo-colo","tag-futbol-chileno","country-chile"],"acf":[],"_links":{"self":[{"href":"https:\/\/betsson.sport\/es\/wp-json\/wp\/v2\/posts\/5277","targetHints":{"allow":["GET"]}}],"collection":[{"href":"https:\/\/betsson.sport\/es\/wp-json\/wp\/v2\/posts"}],"about":[{"href":"https:\/\/betsson.sport\/es\/wp-json\/wp\/v2\/types\/post"}],"author":[{"embeddable":true,"href":"https:\/\/betsson.sport\/es\/wp-json\/wp\/v2\/users\/23"}],"replies":[{"embeddable":true,"href":"https:\/\/betsson.sport\/es\/wp-json\/wp\/v2\/comments?post=5277"}],"version-history":[{"count":0,"href":"https:\/\/betsson.sport\/es\/wp-json\/wp\/v2\/posts\/5277\/revisions"}],"wp:featuredmedia":[{"embeddable":true,"href":"https:\/\/betsson.sport\/es\/wp-json\/wp\/v2\/media\/5279"}],"wp:attachment":[{"href":"https:\/\/betsson.sport\/es\/wp-json\/wp\/v2\/media?parent=5277"}],"wp:term":[{"taxonomy":"category","embeddable":true,"href":"https:\/\/betsson.sport\/es\/wp-json\/wp\/v2\/categories?post=5277"},{"taxonomy":"post_tag","embeddable":true,"href":"https:\/\/betsson.sport\/es\/wp-json\/wp\/v2\/tags?post=5277"},{"taxonomy":"label","embeddable":true,"href":"https:\/\/betsson.sport\/es\/wp-json\/wp\/v2\/label?post=5277"},{"taxonomy":"country","embeddable":true,"href":"https:\/\/betsson.sport\/es\/wp-json\/wp\/v2\/country?post=5277"}],"curies":[{"name":"wp","href":"https:\/\/api.w.org\/{rel}","templated":true}]}}