{"id":5330,"date":"2025-11-26T15:31:32","date_gmt":"2025-11-26T18:31:32","guid":{"rendered":"https:\/\/betsson.sport\/es\/?p=5330"},"modified":"2026-01-08T10:40:57","modified_gmt":"2026-01-08T13:40:57","slug":"erick-pulgar-y-el-record-que-busca-alcanzar-en-esta-final-de-copa-libertadores","status":"publish","type":"post","link":"https:\/\/betsson.sport\/es\/noticias\/futbol\/copa-libertadores\/erick-pulgar-y-el-record-que-busca-alcanzar-en-esta-final-de-copa-libertadores\/","title":{"rendered":"Erick Pulgar y el r\u00e9cord que busca alcanzar en esta final de Copa Libertadores"},"content":{"rendered":"\n<p><strong>Erick Pulgar<\/strong> est\u00e1 a un paso de escribir su nombre con letras de oro en la historia de la Copa Libertadores. Nuestro volante, el motor del mediocampo del poderoso Flamengo, tiene la opci\u00f3n de volver a levantar el m\u00e1ximo trofeo continental, lo que marcar\u00eda un hito para un futbolista chileno.'<\/p>\n\n\n\n<p>Si el 'Meng\u00e3o' se corona campe\u00f3n, Pulgar se transformar\u00eda en el <strong>segundo chileno en ganar la Copa Libertadores dos veces<\/strong>, sumando este t\u00edtulo al que ya consigui\u00f3 en 2022, cuando Flamengo super\u00f3 a Athletico Paranaense.<\/p>\n\n\n\n<p>Actualmente, el \u00fanico en tener esa doble corona es el defensor <strong>Benjam\u00edn Kuscevic<\/strong>, quien alz\u00f3 el trofeo con la camiseta de Palmeiras en las ediciones de 2020 y 2021, curiosamente, rival del <strong>'Meng\u00e3o' <\/strong>este fin de semana.<\/p>\n\n\n\n<p>Adem\u00e1s de ellos, otros compatriotas que han levantado la Copa Libertadores en el extranjero son:<\/p>\n\n\n\n<ul class=\"wp-block-list\">\n<li><strong>Ignacio Prieto<\/strong> (1971 con Nacional de Uruguay).<\/li>\n\n\n\n<li><strong>Mauricio Isla<\/strong> y <strong>Arturo Vidal<\/strong> (2022 con Flamengo, junto a Pulgar).<\/li>\n<\/ul>\n\n\n\n<p>Increible pensar a d\u00eda de hoy que tres chilenos se coronen campeones del maximo trofeo de clubes sudamericano.<\/p>\n\n\n\n<p><strong>\u00bfCu\u00e1ndo es la gran Final de la Copa Libertadores?<\/strong><\/p>\n\n\n\n<p>\u00a1Atenci\u00f3n, hincha! El duelo que paralizar\u00e1 al continente, entre <strong>Flamengo y Palmeiras<\/strong>, ya tiene fecha y hora confirmada:<\/p>\n\n\n\n<ul class=\"wp-block-list\">\n<li><strong>D\u00eda:<\/strong> S\u00e1bado 29 de noviembre<\/li>\n\n\n\n<li><strong>Hora:<\/strong> 18:00 horas de Chile<\/li>\n\n\n\n<li><strong>Estadio:<\/strong> El Monumental de Lima, Per\u00fa, ser\u00e1 el escenario de este partidazo.<\/li>\n<\/ul>\n\n\n\n<p><\/p>\n","protected":false},"excerpt":{"rendered":"<p>El volante antofagastino busca una haza\u00f1a con el 'Meng\u00e3o', el gigante brasile\u00f1o que se medir\u00e1 en la gran final contra su cl\u00e1sico rival, Palmeiras.<\/p>\n","protected":false},"author":19,"featured_media":5331,"comment_status":"closed","ping_status":"closed","sticky":false,"template":"","format":"standard","meta":{"_acf_changed":true,"footnotes":""},"categories":[156],"tags":[1321,360,1319,1320,412,331,715,141],"label":[],"country":[1475],"class_list":["post-5330","post","type-post","status-publish","format-standard","has-post-thumbnail","hentry","category-copa-libertadores","tag-benjamin-kuscevic","tag-copa-libertadores","tag-erick-pulgar","tag-final-libertadores","tag-flamengo","tag-futbol-chileno","tag-libertadores-2025","tag-palmeiras","country-chile"],"acf":[],"_links":{"self":[{"href":"https:\/\/betsson.sport\/es\/wp-json\/wp\/v2\/posts\/5330","targetHints":{"allow":["GET"]}}],"collection":[{"href":"https:\/\/betsson.sport\/es\/wp-json\/wp\/v2\/posts"}],"about":[{"href":"https:\/\/betsson.sport\/es\/wp-json\/wp\/v2\/types\/post"}],"author":[{"embeddable":true,"href":"https:\/\/betsson.sport\/es\/wp-json\/wp\/v2\/users\/19"}],"replies":[{"embeddable":true,"href":"https:\/\/betsson.sport\/es\/wp-json\/wp\/v2\/comments?post=5330"}],"version-history":[{"count":0,"href":"https:\/\/betsson.sport\/es\/wp-json\/wp\/v2\/posts\/5330\/revisions"}],"wp:featuredmedia":[{"embeddable":true,"href":"https:\/\/betsson.sport\/es\/wp-json\/wp\/v2\/media\/5331"}],"wp:attachment":[{"href":"https:\/\/betsson.sport\/es\/wp-json\/wp\/v2\/media?parent=5330"}],"wp:term":[{"taxonomy":"category","embeddable":true,"href":"https:\/\/betsson.sport\/es\/wp-json\/wp\/v2\/categories?post=5330"},{"taxonomy":"post_tag","embeddable":true,"href":"https:\/\/betsson.sport\/es\/wp-json\/wp\/v2\/tags?post=5330"},{"taxonomy":"label","embeddable":true,"href":"https:\/\/betsson.sport\/es\/wp-json\/wp\/v2\/label?post=5330"},{"taxonomy":"country","embeddable":true,"href":"https:\/\/betsson.sport\/es\/wp-json\/wp\/v2\/country?post=5330"}],"curies":[{"name":"wp","href":"https:\/\/api.w.org\/{rel}","templated":true}]}}