{"id":5359,"date":"2025-11-27T23:59:29","date_gmt":"2025-11-28T02:59:29","guid":{"rendered":"https:\/\/betsson.sport\/es\/?p=5359"},"modified":"2025-11-28T01:50:42","modified_gmt":"2025-11-28T04:50:42","slug":"a-un-punto-de-la-cima-america-vence-al-dim-y-vuelve-a-encender-la-ilusion-escarlata","status":"publish","type":"post","link":"https:\/\/betsson.sport\/es\/noticias\/futbol\/a-un-punto-de-la-cima-america-vence-al-dim-y-vuelve-a-encender-la-ilusion-escarlata\/","title":{"rendered":"A un punto de la cima: Am\u00e9rica vence al DIM y vuelve a encender la ilusi\u00f3n escarlata"},"content":{"rendered":"\n<p><strong>Am\u00e9rica de Cali<\/strong> logr\u00f3 un triunfo vital 2-1 sobre<strong> Independiente Medell\u00edn<\/strong> en la tercera fecha del Grupo A, con goles de <strong>Tilman Palacios (19\u2019)<\/strong> y <strong>Adri\u00e1n Ramos (85\u2019).<\/strong> Una victoria que volvi\u00f3 a encender la ilusi\u00f3n en la hinchada escarlata y que mete al equipo de lleno en la pelea por llegar a la final.<\/p>\n\n\n\n<p>Con este resultado, Am\u00e9rica se trep\u00f3 al tercer lugar del grupo con 4 puntos, quedando a solo uno de los l\u00edderes:<strong> Junior de Barranquilla y Atl\u00e9tico Nacional, <\/strong>ambos con 5 unidades. Una diferencia m\u00ednima que mantiene al \u201crojo\u201d completamente vivo en la carrera por la clasificaci\u00f3n.<\/p>\n\n\n\n<p>Para el DIM, que empat\u00f3 a los 65' con gol de <strong>Brayan Le\u00f3n,<\/strong> el panorama roza la cat\u00e1strofe. Todav\u00eda hay chances, s\u00ed, pero con solo un punto y el equipo hundido en el fondo de la tabla, el camino se ve cuesta arriba. <strong>Giuliano Tiberti,<\/strong> asistente t\u00e9cnico de <strong>Alejandro Restrepo,<\/strong> fue directo y autocr\u00edtico tras la derrota en Cali:<\/p>\n\n\n\n<p>\u201cNo jugamos un primer tiempo digno de nosotros. Da bronca porque sab\u00edamos c\u00f3mo ellos iban a plantear y no supimos transmitir a los jugadores lo que ten\u00edan que hacer cuando algo iba a pasar en la cancha. Y tampoco tuvimos la actitud que se debe en finales\u201d, expres\u00f3.<\/p>\n\n\n\n<p>Del lado escarlata, el asistente t\u00e9cnico <strong>Alex Escobar<\/strong> destac\u00f3 el car\u00e1cter del equipo y la forma en que supieron sostener el partido en los momentos m\u00e1s duros. Para \u00e9l, el Am\u00e9rica mostr\u00f3 exactamente lo que exige una fase final.<\/p>\n\n\n\n<p>\u201cHoy hay que destacar la capacidad de reacci\u00f3n que tuvo el Am\u00e9rica. En lo t\u00e1ctico hicimos un gran primer tiempo. Y cuando ellos mejoraron con los cambios, mostramos entereza y logramos un triunfo que nos pone en pelea\u201d, asegur\u00f3.<\/p>\n\n\n\n<h3 class=\"wp-block-heading\">As\u00ed queda la tabla del Grupo A <\/h3>\n\n\n\n<figure class=\"wp-block-table\"><table class=\"has-fixed-layout\"><thead><tr><th>Club<\/th><th class=\"has-text-align-center\" data-align=\"center\">Partidos<\/th><th class=\"has-text-align-center\" data-align=\"center\">DG<\/th><th class=\"has-text-align-center\" data-align=\"center\">Puntos<\/th><\/tr><\/thead><tbody><tr><td>Junior<\/td><td class=\"has-text-align-center\" data-align=\"center\">3<\/td><td class=\"has-text-align-center\" data-align=\"center\">+1<\/td><td class=\"has-text-align-center\" data-align=\"center\">5<\/td><\/tr><tr><td>Atl\u00e9tico Nacional<\/td><td class=\"has-text-align-center\" data-align=\"center\">3<\/td><td class=\"has-text-align-center\" data-align=\"center\">+1<\/td><td class=\"has-text-align-center\" data-align=\"center\">5<\/td><\/tr><tr><td><strong>Am\u00e9rica<\/strong><\/td><td class=\"has-text-align-center\" data-align=\"center\"><strong>3<\/strong><\/td><td class=\"has-text-align-center\" data-align=\"center\"><strong>0<\/strong><\/td><td class=\"has-text-align-center\" data-align=\"center\"><strong>4<\/strong><\/td><\/tr><tr><td>Independiente Medell\u00edn<\/td><td class=\"has-text-align-center\" data-align=\"center\">3<\/td><td class=\"has-text-align-center\" data-align=\"center\">-2<\/td><td class=\"has-text-align-center\" data-align=\"center\">1<\/td><\/tr><\/tbody><\/table><\/figure>\n","protected":false},"excerpt":{"rendered":"<p>Am\u00e9rica de Cali logr\u00f3 un triunfo vital 2-1 sobre Independiente Medell\u00edn en la tercera fecha del Grupo A, con goles de Tilman Palacios (19\u2019) y Adri\u00e1n Ramos (85\u2019). Una victoria que volvi\u00f3 a encender la ilusi\u00f3n en la hinchada escarlata y que mete al equipo de lleno en la pelea por llegar a la final. [&hellip;]<\/p>\n","protected":false},"author":22,"featured_media":5360,"comment_status":"closed","ping_status":"closed","sticky":true,"template":"","format":"standard","meta":{"_acf_changed":true,"footnotes":""},"categories":[7],"tags":[1242,135,564,1028],"label":[],"country":[],"class_list":["post-5359","post","type-post","status-publish","format-standard","has-post-thumbnail","hentry","category-futbol","tag-adrian-ramos","tag-america-de-cali","tag-independiente-medellin","tag-tilman-palacios"],"acf":[],"_links":{"self":[{"href":"https:\/\/betsson.sport\/es\/wp-json\/wp\/v2\/posts\/5359","targetHints":{"allow":["GET"]}}],"collection":[{"href":"https:\/\/betsson.sport\/es\/wp-json\/wp\/v2\/posts"}],"about":[{"href":"https:\/\/betsson.sport\/es\/wp-json\/wp\/v2\/types\/post"}],"author":[{"embeddable":true,"href":"https:\/\/betsson.sport\/es\/wp-json\/wp\/v2\/users\/22"}],"replies":[{"embeddable":true,"href":"https:\/\/betsson.sport\/es\/wp-json\/wp\/v2\/comments?post=5359"}],"version-history":[{"count":0,"href":"https:\/\/betsson.sport\/es\/wp-json\/wp\/v2\/posts\/5359\/revisions"}],"wp:featuredmedia":[{"embeddable":true,"href":"https:\/\/betsson.sport\/es\/wp-json\/wp\/v2\/media\/5360"}],"wp:attachment":[{"href":"https:\/\/betsson.sport\/es\/wp-json\/wp\/v2\/media?parent=5359"}],"wp:term":[{"taxonomy":"category","embeddable":true,"href":"https:\/\/betsson.sport\/es\/wp-json\/wp\/v2\/categories?post=5359"},{"taxonomy":"post_tag","embeddable":true,"href":"https:\/\/betsson.sport\/es\/wp-json\/wp\/v2\/tags?post=5359"},{"taxonomy":"label","embeddable":true,"href":"https:\/\/betsson.sport\/es\/wp-json\/wp\/v2\/label?post=5359"},{"taxonomy":"country","embeddable":true,"href":"https:\/\/betsson.sport\/es\/wp-json\/wp\/v2\/country?post=5359"}],"curies":[{"name":"wp","href":"https:\/\/api.w.org\/{rel}","templated":true}]}}