{"id":5490,"date":"2025-12-03T13:06:55","date_gmt":"2025-12-03T16:06:55","guid":{"rendered":"https:\/\/betsson.sport\/es\/?p=5490"},"modified":"2026-01-08T10:41:28","modified_gmt":"2026-01-08T13:41:28","slug":"calma-claudio-bravo-revela-la-semilla-de-ilusion-que-acerca-a-pellegrini-a-la-roja","status":"publish","type":"post","link":"https:\/\/betsson.sport\/es\/noticias\/futbol\/calma-claudio-bravo-revela-la-semilla-de-ilusion-que-acerca-a-pellegrini-a-la-roja\/","title":{"rendered":"\u00a1Calma! Claudio Bravo revela la \"semilla de ilusi\u00f3n\" que acerca a Pellegrini a La Roja"},"content":{"rendered":"\n<p>A pesar de la reciente extensi\u00f3n de su v\u00ednculo con el Betis hasta 2027, la opci\u00f3n de ver a Manuel Pellegrini al mando de la Selecci\u00f3n Chilena sigue absolutamente viva, y fue el propio Claudio Bravo quien se encarg\u00f3 de confirmarlo.<\/p>\n\n\n\n<p>El \"Ingeniero\" firm\u00f3 su renovaci\u00f3n con el cuadro heliopolitano, lo que a primera vista parec\u00eda un portazo definitivo a la banca de <em>La Roja<\/em>. Sin embargo, la informaci\u00f3n es clara: su contrato incluye una <strong>cl\u00e1usula<\/strong> que le permitir\u00eda dejar la instituci\u00f3n espa\u00f1ola si recibe el llamado <strong>de la selecci\u00f3n<\/strong>. De hecho, su gran anhelo es llevar a Chile a una Copa del Mundo, algo que ha expresado en m\u00faltiples ocasiones.<\/p>\n\n\n\n<p><strong>La puerta que abre Claudio Bravo<\/strong><\/p>\n\n\n\n<p>Ahora, el hist\u00f3rico portero Claudio Bravo ha dejado la puerta a\u00fan m\u00e1s abierta. En una conversaci\u00f3n con T13, asegur\u00f3 que mantiene una comunicaci\u00f3n fluida y constante con el estratega.<\/p>\n\n\n\n<p>\u201cSuelo hablar con Manuel muy seguido y conozco c\u00f3mo funciona, c\u00f3mo \u00e9l piensa\u201d, coment\u00f3 inicialmente. Aunque reconoce que \u201cal d\u00eda de hoy se ve lejana la posibilidad\u201d, las conversaciones lo llevan a un optimismo contagioso: \u201cEst\u00e1 esa <strong>semilla de ilusi\u00f3n<\/strong> de tenerlo trabajando en nuestra selecci\u00f3n\u201d.<\/p>\n\n\n\n<p>Bravo enfatiza que Pellegrini \u201ces de las personas m\u00e1s importantes de nuestro f\u00fatbol, qu\u00e9 mejor que \u00e9l sea el t\u00e9cnico de nuestra selecci\u00f3n en un futuro no muy lejano\u201d.<\/p>\n\n\n\n<p>Un punto clave a favor de esta opci\u00f3n es el calendario: la Selecci\u00f3n Chilena no tendr\u00e1 compromisos oficiales de peso hasta 2027, cuando se inicie la preparaci\u00f3n para las eliminatorias y la Copa Am\u00e9rica 2028. Este margen de tiempo es crucial para Pellegrini, quien busca un proyecto serio y de largo aliento por parte de los dirigentes para asumir el desaf\u00edo nacional.<\/p>\n\n\n\n<p>Queda confiar en que la ANFP vaya en busca de Manuel Pelegrini como pr\u00f3ximo DT de la Selecci\u00f3n Chilena de F\u00fatbol, pues recordemos que El Ingeniero confes\u00f3 que hasta ahora nadie del max\u00edmo ente del futbol nacional lo ha contactado.<\/p>\n\n\n\n<p>\u00bfCrees t\u00fa que Pellegrini ser\u00e1 el pr\u00f3ximo DT de 'La Roja'?\u00bfLa ANFP mover\u00e1 un dedo para llamarlo? Comparte esta nota con tus amigos, y que comience el debate<\/p>\n","protected":false},"excerpt":{"rendered":"<p>Pellegrini renov\u00f3 con el Betis, pero no le cierra la puerta a Chile \u00bfC\u00f3mo as\u00ed?<\/p>\n","protected":false},"author":19,"featured_media":5491,"comment_status":"closed","ping_status":"closed","sticky":false,"template":"","format":"standard","meta":{"_acf_changed":true,"footnotes":""},"categories":[7],"tags":[1289,73,1115,178,311,988,315],"label":[],"country":[1475],"class_list":["post-5490","post","type-post","status-publish","format-standard","has-post-thumbnail","hentry","category-futbol","tag-anfp","tag-chile","tag-claudio-bravo","tag-futbol","tag-la-roja","tag-manuel-pellegrini","tag-seleccion-chilena","country-chile"],"acf":[],"_links":{"self":[{"href":"https:\/\/betsson.sport\/es\/wp-json\/wp\/v2\/posts\/5490","targetHints":{"allow":["GET"]}}],"collection":[{"href":"https:\/\/betsson.sport\/es\/wp-json\/wp\/v2\/posts"}],"about":[{"href":"https:\/\/betsson.sport\/es\/wp-json\/wp\/v2\/types\/post"}],"author":[{"embeddable":true,"href":"https:\/\/betsson.sport\/es\/wp-json\/wp\/v2\/users\/19"}],"replies":[{"embeddable":true,"href":"https:\/\/betsson.sport\/es\/wp-json\/wp\/v2\/comments?post=5490"}],"version-history":[{"count":0,"href":"https:\/\/betsson.sport\/es\/wp-json\/wp\/v2\/posts\/5490\/revisions"}],"wp:featuredmedia":[{"embeddable":true,"href":"https:\/\/betsson.sport\/es\/wp-json\/wp\/v2\/media\/5491"}],"wp:attachment":[{"href":"https:\/\/betsson.sport\/es\/wp-json\/wp\/v2\/media?parent=5490"}],"wp:term":[{"taxonomy":"category","embeddable":true,"href":"https:\/\/betsson.sport\/es\/wp-json\/wp\/v2\/categories?post=5490"},{"taxonomy":"post_tag","embeddable":true,"href":"https:\/\/betsson.sport\/es\/wp-json\/wp\/v2\/tags?post=5490"},{"taxonomy":"label","embeddable":true,"href":"https:\/\/betsson.sport\/es\/wp-json\/wp\/v2\/label?post=5490"},{"taxonomy":"country","embeddable":true,"href":"https:\/\/betsson.sport\/es\/wp-json\/wp\/v2\/country?post=5490"}],"curies":[{"name":"wp","href":"https:\/\/api.w.org\/{rel}","templated":true}]}}