{"id":6051,"date":"2025-12-22T19:02:40","date_gmt":"2025-12-22T22:02:40","guid":{"rendered":"https:\/\/betsson.sport\/es\/?p=6051"},"modified":"2026-01-11T17:29:19","modified_gmt":"2026-01-11T20:29:19","slug":"los-escarabajos-colombianos-apuntan-a-las-grandes-vueltas-de-2026","status":"publish","type":"post","link":"https:\/\/betsson.sport\/es\/noticias\/mas-deportes\/los-escarabajos-colombianos-apuntan-a-las-grandes-vueltas-de-2026\/","title":{"rendered":"Los escarabajos colombianos apuntan a las Grandes Vueltas de 2026"},"content":{"rendered":"\n<p>El ciclismo colombiano ya empieza a trazar su hoja de ruta para la temporada 2026 y el objetivo es <strong>volver a ser protagonista en las Grandes Vueltas<\/strong>. A pesar de algunas dificultades que atraviesa el ciclismo local, los principales corredores del pa\u00eds se preparan para competir de t\u00fa a t\u00fa con la \u00e9lite mundial en Europa.<\/p>\n\n\n\n<p>Uno de los nombres que lidera esta ilusi\u00f3n es <strong>Egan Bernal<\/strong>. El campe\u00f3n del Tour de Francia 2019 y del Giro de Italia 2021 vuelve a estar en el centro del proyecto del INEOS Grenadiers, con la mira puesta especialmente en el <strong>Giro de Italia 2026<\/strong>, donde ser\u00eda uno de los l\u00edderes del equipo. Su experiencia y jerarqu\u00eda lo convierten en la principal carta de Colombia para pelear una clasificaci\u00f3n general.<\/p>\n\n\n\n<figure class=\"wp-block-image size-large\"><img decoding=\"async\" width=\"2560\" height=\"1440\" src=\"https:\/\/betsson.sport\/es\/wp-content\/uploads\/2025\/12\/sdlmmCOAYCHYec-edited-scaled.jpg\" alt=\"\" class=\"wp-image-6054\" srcset=\"https:\/\/betsson.sport\/es\/wp-content\/uploads\/2025\/12\/sdlmmCOAYCHYec-edited-scaled.jpg 2560w, https:\/\/betsson.sport\/es\/wp-content\/uploads\/2025\/12\/sdlmmCOAYCHYec-edited-420x236.jpg 420w, https:\/\/betsson.sport\/es\/wp-content\/uploads\/2025\/12\/sdlmmCOAYCHYec-edited-1024x576.jpg 1024w, https:\/\/betsson.sport\/es\/wp-content\/uploads\/2025\/12\/sdlmmCOAYCHYec-edited-768x432.jpg 768w, https:\/\/betsson.sport\/es\/wp-content\/uploads\/2025\/12\/sdlmmCOAYCHYec-edited-1536x864.jpg 1536w, https:\/\/betsson.sport\/es\/wp-content\/uploads\/2025\/12\/sdlmmCOAYCHYec-edited-2048x1152.jpg 2048w, https:\/\/betsson.sport\/es\/wp-content\/uploads\/2025\/12\/sdlmmCOAYCHYec-edited-640x360.jpg 640w\" sizes=\"(max-width: 2560px) 100vw, 2560px\" \/><figcaption class=\"wp-element-caption\">Egan Bernal, campe\u00f3n del Tour de Francia 2019. <strong>Cr\u00e9dito:<\/strong> David Silpa\/UPI\/Shutterstock\/TT. <\/figcaption><\/figure>\n\n\n\n<p>Junto a Bernal, otros escarabajos tambi\u00e9n aparecen en el panorama. <strong>Einer Rubio<\/strong>, del Movistar Team, es uno de los corredores llamados a tener presencia constante en las carreras de tres semanas, ya sea como apoyo clave o buscando oportunidades propias. Su regularidad en monta\u00f1a lo mantiene como una pieza valiosa dentro del WorldTour.<\/p>\n\n\n\n<p>Por su parte, <strong>Harold Tejada<\/strong>, actualmente en el XDS Astana Team, apunta a repetir presencia en el <strong>Tour de Francia y la Vuelta a Espa\u00f1a<\/strong>, luego de consolidarse como uno de los colombianos m\u00e1s fiables en la general durante las \u00faltimas temporadas.<\/p>\n\n\n\n<p>En contraste con esta proyecci\u00f3n internacional, el panorama interno no es el mejor. La <strong>cancelaci\u00f3n del Tour Colombia para 2026<\/strong> deja un vac\u00edo importante en el calendario nacional y obliga a que todo el foco est\u00e9 puesto en Europa.Aun as\u00ed, Colombia mantiene viva su tradici\u00f3n: <strong>los escarabajos siguen so\u00f1ando en grande<\/strong>, con la monta\u00f1a como aliada y las Grandes Vueltas como escenario principal.<\/p>\n\n\n\n<p><\/p>\n","protected":false},"excerpt":{"rendered":"<p>El ciclismo colombiano ya empieza a trazar su hoja de ruta para la temporada 2026 y el objetivo es volver a ser protagonista en las Grandes Vueltas. A pesar de algunas dificultades que atraviesa el ciclismo local, los principales corredores del pa\u00eds se preparan para competir de t\u00fa a t\u00fa con la \u00e9lite mundial en [&hellip;]<\/p>\n","protected":false},"author":22,"featured_media":6052,"comment_status":"closed","ping_status":"closed","sticky":false,"template":"","format":"standard","meta":{"_acf_changed":true,"footnotes":""},"categories":[155],"tags":[368,400,1578,1579,1581,1580],"label":[],"country":[1476],"class_list":["post-6051","post","type-post","status-publish","format-standard","has-post-thumbnail","hentry","category-mas-deportes","tag-ciclismo","tag-egan-bernal","tag-einer-rubio","tag-harold-tejada","tag-tour-de-france","tag-vuelta-de-espana","country-colombia"],"acf":[],"_links":{"self":[{"href":"https:\/\/betsson.sport\/es\/wp-json\/wp\/v2\/posts\/6051","targetHints":{"allow":["GET"]}}],"collection":[{"href":"https:\/\/betsson.sport\/es\/wp-json\/wp\/v2\/posts"}],"about":[{"href":"https:\/\/betsson.sport\/es\/wp-json\/wp\/v2\/types\/post"}],"author":[{"embeddable":true,"href":"https:\/\/betsson.sport\/es\/wp-json\/wp\/v2\/users\/22"}],"replies":[{"embeddable":true,"href":"https:\/\/betsson.sport\/es\/wp-json\/wp\/v2\/comments?post=6051"}],"version-history":[{"count":0,"href":"https:\/\/betsson.sport\/es\/wp-json\/wp\/v2\/posts\/6051\/revisions"}],"wp:featuredmedia":[{"embeddable":true,"href":"https:\/\/betsson.sport\/es\/wp-json\/wp\/v2\/media\/6052"}],"wp:attachment":[{"href":"https:\/\/betsson.sport\/es\/wp-json\/wp\/v2\/media?parent=6051"}],"wp:term":[{"taxonomy":"category","embeddable":true,"href":"https:\/\/betsson.sport\/es\/wp-json\/wp\/v2\/categories?post=6051"},{"taxonomy":"post_tag","embeddable":true,"href":"https:\/\/betsson.sport\/es\/wp-json\/wp\/v2\/tags?post=6051"},{"taxonomy":"label","embeddable":true,"href":"https:\/\/betsson.sport\/es\/wp-json\/wp\/v2\/label?post=6051"},{"taxonomy":"country","embeddable":true,"href":"https:\/\/betsson.sport\/es\/wp-json\/wp\/v2\/country?post=6051"}],"curies":[{"name":"wp","href":"https:\/\/api.w.org\/{rel}","templated":true}]}}