{"id":8240,"date":"2026-03-02T20:03:08","date_gmt":"2026-03-02T23:03:08","guid":{"rendered":"https:\/\/betsson.sport\/es\/?p=8240"},"modified":"2026-03-02T20:03:09","modified_gmt":"2026-03-02T23:03:09","slug":"egan-bernal-finaliza-en-el-top-10-del-faun-ardeche-classic-de-francia","status":"publish","type":"post","link":"https:\/\/betsson.sport\/es\/noticias\/mas-deportes\/egan-bernal-finaliza-en-el-top-10-del-faun-ardeche-classic-de-francia\/","title":{"rendered":"Egan Bernal finaliza en el top 10 del Faun Ard\u00e8che Classic de Francia"},"content":{"rendered":"\n<p>El colombiano <strong>Egan Bernal <\/strong>volvi\u00f3 a la competencia en Europa en la <strong>Faun Ard\u00e8che Classic 2026,<\/strong> una exigente carrera de un d\u00eda en Francia, marcada por la monta\u00f1a y un ritmo alto desde el inicio.<\/p>\n\n\n\n<p>En un recorrido cercano a los 188 kil\u00f3metros, la prueba se defini\u00f3 con un ataque lejano del franc\u00e9s <strong>Paul Seixas, <\/strong>quien rompi\u00f3 el grupo a m\u00e1s de 40 km de la meta y se qued\u00f3 con la victoria sin respuesta del pelot\u00f3n.<\/p>\n\n\n\n<p>Bernal dej\u00f3 buenas sensaciones durante gran parte de la jornada. Se mantuvo en el grupo perseguidor en los momentos clave y respondi\u00f3 bien en los tramos de monta\u00f1a, compitiendo de frente a frente con varios nombres importantes.<\/p>\n\n\n\n<p>Sin embargo, tras el movimiento decisivo, la carrera se fragment\u00f3 y el colombiano no logr\u00f3 meterse en la pelea por el podio. Finalmente, cruz\u00f3 la meta en la s\u00e9ptima posici\u00f3n, firmando un s\u00f3lido top 10.<\/p>\n\n\n\n<p>El balance es positivo para Bernal, que sigue en la b\u00fasqueda de su mejor nivel de cara a las grandes vueltas, donde espera volver a ser protagonista. Su pr\u00f3xima carrera ser\u00e1 el 7 de marzo en la Strade Bianche en Italia.<\/p>\n\n\n\n<figure class=\"wp-block-image size-large\"><img decoding=\"async\" width=\"1024\" height=\"683\" src=\"https:\/\/betsson.sport\/es\/wp-content\/uploads\/2026\/03\/sdlZg9cX8_m-T4-1024x683.jpg\" alt=\"\" class=\"wp-image-8242\" srcset=\"https:\/\/betsson.sport\/es\/wp-content\/uploads\/2026\/03\/sdlZg9cX8_m-T4-1024x683.jpg 1024w, https:\/\/betsson.sport\/es\/wp-content\/uploads\/2026\/03\/sdlZg9cX8_m-T4-420x280.jpg 420w, https:\/\/betsson.sport\/es\/wp-content\/uploads\/2026\/03\/sdlZg9cX8_m-T4-768x512.jpg 768w, https:\/\/betsson.sport\/es\/wp-content\/uploads\/2026\/03\/sdlZg9cX8_m-T4-1536x1024.jpg 1536w, https:\/\/betsson.sport\/es\/wp-content\/uploads\/2026\/03\/sdlZg9cX8_m-T4-2048x1365.jpg 2048w, https:\/\/betsson.sport\/es\/wp-content\/uploads\/2026\/03\/sdlZg9cX8_m-T4-540x360.jpg 540w\" sizes=\"(max-width: 1024px) 100vw, 1024px\" \/><figcaption class=\"wp-element-caption\">Cr\u00e9dito: Luca Bettini\/AFP\/TT. <\/figcaption><\/figure>\n","protected":false},"excerpt":{"rendered":"<p>El ciclista colombiano tuvo una gran actuaci\u00f3n y se mantuvo competitivo en la monta\u00f1a dando se\u00f1ales positivas de su temporada. <\/p>\n","protected":false},"author":22,"featured_media":8241,"comment_status":"closed","ping_status":"closed","sticky":false,"template":"","format":"standard","meta":{"_acf_changed":true,"footnotes":""},"categories":[155],"tags":[60,400,2415,2414],"label":[],"country":[1476],"class_list":["post-8240","post","type-post","status-publish","format-standard","has-post-thumbnail","hentry","category-mas-deportes","tag-colombia","tag-egan-bernal","tag-faun-ardeche-classic-2026","tag-paul-seixas","country-colombia"],"acf":[],"_links":{"self":[{"href":"https:\/\/betsson.sport\/es\/wp-json\/wp\/v2\/posts\/8240","targetHints":{"allow":["GET"]}}],"collection":[{"href":"https:\/\/betsson.sport\/es\/wp-json\/wp\/v2\/posts"}],"about":[{"href":"https:\/\/betsson.sport\/es\/wp-json\/wp\/v2\/types\/post"}],"author":[{"embeddable":true,"href":"https:\/\/betsson.sport\/es\/wp-json\/wp\/v2\/users\/22"}],"replies":[{"embeddable":true,"href":"https:\/\/betsson.sport\/es\/wp-json\/wp\/v2\/comments?post=8240"}],"version-history":[{"count":0,"href":"https:\/\/betsson.sport\/es\/wp-json\/wp\/v2\/posts\/8240\/revisions"}],"wp:featuredmedia":[{"embeddable":true,"href":"https:\/\/betsson.sport\/es\/wp-json\/wp\/v2\/media\/8241"}],"wp:attachment":[{"href":"https:\/\/betsson.sport\/es\/wp-json\/wp\/v2\/media?parent=8240"}],"wp:term":[{"taxonomy":"category","embeddable":true,"href":"https:\/\/betsson.sport\/es\/wp-json\/wp\/v2\/categories?post=8240"},{"taxonomy":"post_tag","embeddable":true,"href":"https:\/\/betsson.sport\/es\/wp-json\/wp\/v2\/tags?post=8240"},{"taxonomy":"label","embeddable":true,"href":"https:\/\/betsson.sport\/es\/wp-json\/wp\/v2\/label?post=8240"},{"taxonomy":"country","embeddable":true,"href":"https:\/\/betsson.sport\/es\/wp-json\/wp\/v2\/country?post=8240"}],"curies":[{"name":"wp","href":"https:\/\/api.w.org\/{rel}","templated":true}]}}