{"id":8350,"date":"2026-03-05T09:27:22","date_gmt":"2026-03-05T12:27:22","guid":{"rendered":"https:\/\/betsson.sport\/es\/?p=8350"},"modified":"2026-03-05T13:28:19","modified_gmt":"2026-03-05T16:28:19","slug":"jardine-justifica-el-presente-del-america-todavia-no-puedo-utilizar-a-los-11-que-quiero","status":"publish","type":"post","link":"https:\/\/betsson.sport\/es\/noticias\/futbol\/liga-mx\/jardine-justifica-el-presente-del-america-todavia-no-puedo-utilizar-a-los-11-que-quiero\/","title":{"rendered":"Jardine justifica el presente del Am\u00e9rica: \"Todav\u00eda no puedo utilizar a los 11 que quiero\""},"content":{"rendered":"\n<p>La posici\u00f3n de&nbsp;Andr\u00e9 Jardine&nbsp;empieza a quedar bajo la lupa en&nbsp;Am\u00e9rica, despu\u00e9s de haber sufrido su segunda derrota consecutiva con la ca\u00edda del mi\u00e9rcoles por la noche a manos de&nbsp;Ju\u00e1rez&nbsp;por 2-1 en el&nbsp;Estadio de la Ciudad de los Deportes.<\/p>\n\n\n\n<p>Las \u00c1guilas ven\u00edan de un duro tropiezo frente a Tigres por 4-1, el domingo pasado\u00a0tambi\u00e9n en condici\u00f3n de local, por lo cual esta seguidilla lo lleva a retroceder al noveno lugar de la tabla del\u00a0Clausura 2026\u00a0con 11 puntos, a una distancia de 11 respecto de la cima.<\/p>\n\n\n\n<p>Un arranque tan preocupante como inestable para un equipo que ya suma cuatro traspi\u00e9s en nueve fechas, una situaci\u00f3n que lleva a replantearse al club c\u00f3mo ser\u00e1 la continuidad del ciclo.<\/p>\n\n\n\n<p>En su reciente presentaci\u00f3n, el Am\u00e9rica corri\u00f3 desde atr\u00e1s luego del gol de\u00a0Jairo Torres a los cinco minutos de juego y pudo igualarlo con la aparici\u00f3n de Alex Zendejas a los 24' de la parte complementaria. Sin embargo,\u00a0Guilherme Castilho irrumpi\u00f3 desde el banco de suplentes y dio el golpe con su tanto en el tercer minuto de adici\u00f3n.<\/p>\n\n\n\n<p>En este sentido, el t\u00e9cnico brasile\u00f1o encontr\u00f3 explicaciones para justificar lo que viene sucediendo en este comienzo de certamen. \"Primero hay que tener conciencia clara: desde el inicio del torneo no he contado con todos (los futbolistas) y hemos tenido dificultades en el funcionamiento\", plante\u00f3 en el inicio de sus declaraciones.<\/p>\n\n\n\n<p>\"El regreso de\u00a0Zendejas\u00a0y de\u00a0Henry Mart\u00edn, la incorporaci\u00f3n de Veiga, no he podido integrar a 'Rayito' (Brian Rodr\u00edguez). Es este tipo de inconvenientes lo que me obliga a modificar la alineaci\u00f3n; sab\u00edamos que tendr\u00edamos que rotar el elenco, pero eso nos hace perder funcionamiento\", agreg\u00f3 en relaci\u00f3n al mismo tema.<\/p>\n\n\n\n<p>\"Transcurridas ocho jornadas, todav\u00eda no puedo utilizar a los 11 que quiero, aunque estamos cerca de recuperar la totalidad del plantel\", se esperanz\u00f3 el entrenador, cuyo equipo domin\u00f3 a los Bravos en materia de posesi\u00f3n de bal\u00f3n (67.3%) y en remates totales (14 contra 11), aunque careci\u00f3 de eficacia.<\/p>\n\n\n\n<p>Por otro lado, Jardine puntualiz\u00f3 en la lesi\u00f3n que padeci\u00f3 V\u00edctor D\u00e1vila y que mantiene en vilo al&nbsp;Am\u00e9rica. \"D\u00e1vila&nbsp;preocupa bastante, es de la rodilla, parece ser bastante serio\", comparti\u00f3 el DT de 46 a\u00f1os.<\/p>\n\n\n\n<p>Las \u00c1guilas buscar\u00e1n levantarse el s\u00e1bado en casa ante el pen\u00faltimo de la tabla, Quer\u00e9taro, previo a empezar su serie de Copa de Campeones de la CONCACAF contra Philadelphia Union.<\/p>\n\n\n\n<p><\/p>\n","protected":false},"excerpt":{"rendered":"<p>El entrenador brasile\u00f1o explica el actual funcionamiento de las \u00c1guilas a partir de las ausencias por lesiones, despu\u00e9s de haber perdido su segundo juego consecutivo.<\/p>\n","protected":false},"author":23,"featured_media":8351,"comment_status":"closed","ping_status":"closed","sticky":false,"template":"","format":"standard","meta":{"_acf_changed":false,"footnotes":""},"categories":[1790],"tags":[114,930,386,66],"label":[],"country":[1477],"class_list":["post-8350","post","type-post","status-publish","format-standard","has-post-thumbnail","hentry","category-liga-mx","tag-america-de-mexico","tag-andre-jardine","tag-futbol-mexicano","tag-liga-mx","country-mexico"],"acf":[],"_links":{"self":[{"href":"https:\/\/betsson.sport\/es\/wp-json\/wp\/v2\/posts\/8350","targetHints":{"allow":["GET"]}}],"collection":[{"href":"https:\/\/betsson.sport\/es\/wp-json\/wp\/v2\/posts"}],"about":[{"href":"https:\/\/betsson.sport\/es\/wp-json\/wp\/v2\/types\/post"}],"author":[{"embeddable":true,"href":"https:\/\/betsson.sport\/es\/wp-json\/wp\/v2\/users\/23"}],"replies":[{"embeddable":true,"href":"https:\/\/betsson.sport\/es\/wp-json\/wp\/v2\/comments?post=8350"}],"version-history":[{"count":0,"href":"https:\/\/betsson.sport\/es\/wp-json\/wp\/v2\/posts\/8350\/revisions"}],"wp:featuredmedia":[{"embeddable":true,"href":"https:\/\/betsson.sport\/es\/wp-json\/wp\/v2\/media\/8351"}],"wp:attachment":[{"href":"https:\/\/betsson.sport\/es\/wp-json\/wp\/v2\/media?parent=8350"}],"wp:term":[{"taxonomy":"category","embeddable":true,"href":"https:\/\/betsson.sport\/es\/wp-json\/wp\/v2\/categories?post=8350"},{"taxonomy":"post_tag","embeddable":true,"href":"https:\/\/betsson.sport\/es\/wp-json\/wp\/v2\/tags?post=8350"},{"taxonomy":"label","embeddable":true,"href":"https:\/\/betsson.sport\/es\/wp-json\/wp\/v2\/label?post=8350"},{"taxonomy":"country","embeddable":true,"href":"https:\/\/betsson.sport\/es\/wp-json\/wp\/v2\/country?post=8350"}],"curies":[{"name":"wp","href":"https:\/\/api.w.org\/{rel}","templated":true}]}}