{"id":8372,"date":"2026-03-05T21:36:47","date_gmt":"2026-03-06T00:36:47","guid":{"rendered":"https:\/\/betsson.sport\/es\/?p=8372"},"modified":"2026-03-06T00:40:54","modified_gmt":"2026-03-06T03:40:54","slug":"universitario-no-contara-con-sekou-gassama-por-lesion-para-el-duelo-ante-los-chankas","status":"publish","type":"post","link":"https:\/\/betsson.sport\/es\/noticias\/futbol\/liga-1-peru\/universitario-no-contara-con-sekou-gassama-por-lesion-para-el-duelo-ante-los-chankas\/","title":{"rendered":"Universitario no contar\u00e1 con Sekou Gassama por lesi\u00f3n para el duelo ante Los Chankas"},"content":{"rendered":"\n<p>Universitario de Deportes\u00a0afrontar\u00e1 un nuevo reto en el Torneo Apertura\u00a0cuando visite a\u00a0Los Chankas en Andahuaylas\u00a0el pr\u00f3ximo domingo, pero lo har\u00e1 con una baja en su frente de ataque. El equipo crema no podr\u00e1 contar con\u00a0Sekou Gassama, uno de los refuerzos para la temporada, debido a un problema f\u00edsico que lo dej\u00f3 fuera de la convocatoria.<\/p>\n\n\n\n<p>El delantero hispano-senegal\u00e9s hab\u00eda tenido su estreno en el campeonato durante el encuentro ante Cienciano por la tercera jornada del certamen. En ese compromiso ingres\u00f3 desde el banco y disput\u00f3 30 minutos, en lo que represent\u00f3 su primera participaci\u00f3n oficial con la camiseta del conjunto merengue.<\/p>\n\n\n\n<p>Despu\u00e9s de ese debut, el atacante dej\u00f3 de aparecer en las convocatorias para los siguientes compromisos del campeonato. No fue considerado en los encuentros frente a Sporting Cristal ni ante FC Cajamarca, lo que ya generaba dudas sobre su estado f\u00edsico y su lugar dentro del equipo.<\/p>\n\n\n\n<p>Durante la semana, el plantel disput\u00f3 un partido amistoso frente a C\u00e9sar Vallejo en Campo Mar, pero el delantero tampoco form\u00f3 parte de ese encuentro. Su ausencia termin\u00f3 confirmando que ten\u00eda una molestia que le imped\u00eda trabajar con normalidad junto al resto del grupo.<\/p>\n\n\n\n<p>La raz\u00f3n de su baja es una contractura muscular, molestia que lo dejar\u00e1 al margen del duelo ante Chankas CYC. El cuerpo t\u00e9cnico decidi\u00f3 no arriesgar al atacante y priorizar su recuperaci\u00f3n para que pueda volver en buenas condiciones a la din\u00e1mica del equipo.<\/p>\n\n\n\n<p>De acuerdo a algunos informes, el proceso de recuperaci\u00f3n demandar\u00e1 solo algunos d\u00edas. Una vez superada la molestia, el futbolista deber\u00e1 seguir peleando por minutos en el plantel del tricampe\u00f3n del f\u00fatbol peruano, algo que ya le hab\u00eda advertido el entrenador Javier Rabanal en relaci\u00f3n con la competencia interna en el equipo.<\/p>\n\n\n\n<p>Hasta el momento, su \u00fanica aparici\u00f3n en la temporada deja algunos registros estad\u00edsticos. En esos minutos frente a Cienciano realiz\u00f3 un disparo al arco, complet\u00f3 tres de cuatro pases, registr\u00f3 nueve toques de bal\u00f3n, recuper\u00f3 la posesi\u00f3n en tres oportunidades y logr\u00f3 imponerse en un duelo a\u00e9reo.<\/p>\n\n\n\n<p>&nbsp;<\/p>\n","protected":false},"excerpt":{"rendered":"<p>El delantero hispano-senegal\u00e9s no estar\u00e1 disponible para el compromiso en Andahuaylas debido a una contractura muscular.<\/p>\n","protected":false},"author":23,"featured_media":8373,"comment_status":"closed","ping_status":"closed","sticky":true,"template":"","format":"standard","meta":{"_acf_changed":true,"footnotes":""},"categories":[1780],"tags":[206,224,204],"label":[],"country":[1479],"class_list":["post-8372","post","type-post","status-publish","format-standard","has-post-thumbnail","hentry","category-liga-1-peru","tag-futbol-peruano","tag-liga-1-peru","tag-universitario-de-deportes","country-peru"],"acf":[],"_links":{"self":[{"href":"https:\/\/betsson.sport\/es\/wp-json\/wp\/v2\/posts\/8372","targetHints":{"allow":["GET"]}}],"collection":[{"href":"https:\/\/betsson.sport\/es\/wp-json\/wp\/v2\/posts"}],"about":[{"href":"https:\/\/betsson.sport\/es\/wp-json\/wp\/v2\/types\/post"}],"author":[{"embeddable":true,"href":"https:\/\/betsson.sport\/es\/wp-json\/wp\/v2\/users\/23"}],"replies":[{"embeddable":true,"href":"https:\/\/betsson.sport\/es\/wp-json\/wp\/v2\/comments?post=8372"}],"version-history":[{"count":0,"href":"https:\/\/betsson.sport\/es\/wp-json\/wp\/v2\/posts\/8372\/revisions"}],"wp:featuredmedia":[{"embeddable":true,"href":"https:\/\/betsson.sport\/es\/wp-json\/wp\/v2\/media\/8373"}],"wp:attachment":[{"href":"https:\/\/betsson.sport\/es\/wp-json\/wp\/v2\/media?parent=8372"}],"wp:term":[{"taxonomy":"category","embeddable":true,"href":"https:\/\/betsson.sport\/es\/wp-json\/wp\/v2\/categories?post=8372"},{"taxonomy":"post_tag","embeddable":true,"href":"https:\/\/betsson.sport\/es\/wp-json\/wp\/v2\/tags?post=8372"},{"taxonomy":"label","embeddable":true,"href":"https:\/\/betsson.sport\/es\/wp-json\/wp\/v2\/label?post=8372"},{"taxonomy":"country","embeddable":true,"href":"https:\/\/betsson.sport\/es\/wp-json\/wp\/v2\/country?post=8372"}],"curies":[{"name":"wp","href":"https:\/\/api.w.org\/{rel}","templated":true}]}}