{"id":8379,"date":"2026-03-06T09:18:48","date_gmt":"2026-03-06T12:18:48","guid":{"rendered":"https:\/\/betsson.sport\/es\/?p=8379"},"modified":"2026-03-06T09:18:50","modified_gmt":"2026-03-06T12:18:50","slug":"la-uefa-sanciona-al-real-madrid-por-racismo","status":"publish","type":"post","link":"https:\/\/betsson.sport\/es\/noticias\/futbol\/champions-league\/la-uefa-sanciona-al-real-madrid-por-racismo\/","title":{"rendered":"La UEFA sanciona al Real Madrid por racismo"},"content":{"rendered":"\n<p><\/p>\n\n\n\n<p>Seg\u00fan inform\u00f3 el Comit\u00e9 de Control, \u00c9tica y Disciplina de la UEFA, el club espa\u00f1ol deber\u00e1 pagar una multa de 15.000 euros por el incidente ocurrido en el Estadio Santiago Bernab\u00e9u. Adem\u00e1s, el organismo dispuso el cierre de un sector del estadio en el pr\u00f3ximo partido europeo que el equipo dispute como local.<\/p>\n\n\n\n<p>La sanci\u00f3n afecta a unas 500 localidades ubicadas en la zona adyacente a la tribuna sur inferior del estadio. Sin embargo, la clausura no se aplicar\u00e1 de manera inmediata, ya que el castigo fue suspendido por un a\u00f1o y solo se ejecutar\u00e1 si se repiten comportamientos similares por parte de la afici\u00f3n en competiciones organizadas por la UEFA.<\/p>\n\n\n\n<p>El episodio que origin\u00f3 la sanci\u00f3n se produjo durante el encuentro ante Benfica, cuando un aficionado fue captado por las c\u00e1maras realizando un saludo nazi. Tras el incidente, el club inform\u00f3 que la persona fue identificada por el personal de seguridad del estadio y expulsada del recinto poco despu\u00e9s de que apareciera en la transmisi\u00f3n televisiva.<\/p>\n\n\n\n<p>La instituci\u00f3n madrile\u00f1a tambi\u00e9n indic\u00f3 que solicit\u00f3 la apertura de un procedimiento interno para aplicar una expulsi\u00f3n definitiva al implicado.<\/p>\n\n\n\n<p>A pesar de la sanci\u00f3n, el estadio podr\u00e1 operar con normalidad en el pr\u00f3ximo compromiso europeo del equipo. El conjunto espa\u00f1ol recibir\u00e1 al Manchester City el 11 de marzo en el partido correspondiente a los octavos de final de la Champions League, y no habr\u00e1 restricciones de aforo en ese encuentro.<\/p>\n\n\n\n<p>La decisi\u00f3n de la UEFA forma parte de las medidas disciplinarias que el organismo aplica ante actos de discriminaci\u00f3n o racismo en el f\u00fatbol europeo. En este caso, el castigo queda condicionado a que no se repitan hechos similares durante el periodo de prueba establecido.<\/p>\n\n\n\n<p>De esta manera, el Real Madrid evita por ahora la clausura de parte de su estadio, aunque queda bajo advertencia de cara a futuros partidos en torneos continentales<\/p>\n\n\n\n<p><\/p>\n","protected":false},"excerpt":{"rendered":"<p>Esto sucede luego de registrarse un comportamiento racista por parte de un aficionado durante el partido frente al Benfica en la UEFA Champions League. El organismo europeo decidi\u00f3 aplicar una multa econ\u00f3mica y ordenar el cierre parcial del estadio, aunque la medida quedar\u00e1 en suspenso durante un periodo de prueba.<\/p>\n","protected":false},"author":14,"featured_media":8380,"comment_status":"closed","ping_status":"closed","sticky":true,"template":"","format":"standard","meta":{"_acf_changed":true,"footnotes":""},"categories":[47],"tags":[513,797,86,2457,921,208],"label":[],"country":[1473,1475,1476,1477,1478,1479,1865],"class_list":["post-8379","post","type-post","status-publish","format-standard","has-post-thumbnail","hentry","category-champions-league","tag-benfica","tag-champions","tag-espana","tag-racismo","tag-realmadrid","tag-uefa","country-argentina","country-chile","country-colombia","country-mexico","country-paraguay","country-peru","country-uruguay"],"acf":[],"_links":{"self":[{"href":"https:\/\/betsson.sport\/es\/wp-json\/wp\/v2\/posts\/8379","targetHints":{"allow":["GET"]}}],"collection":[{"href":"https:\/\/betsson.sport\/es\/wp-json\/wp\/v2\/posts"}],"about":[{"href":"https:\/\/betsson.sport\/es\/wp-json\/wp\/v2\/types\/post"}],"author":[{"embeddable":true,"href":"https:\/\/betsson.sport\/es\/wp-json\/wp\/v2\/users\/14"}],"replies":[{"embeddable":true,"href":"https:\/\/betsson.sport\/es\/wp-json\/wp\/v2\/comments?post=8379"}],"version-history":[{"count":0,"href":"https:\/\/betsson.sport\/es\/wp-json\/wp\/v2\/posts\/8379\/revisions"}],"wp:featuredmedia":[{"embeddable":true,"href":"https:\/\/betsson.sport\/es\/wp-json\/wp\/v2\/media\/8380"}],"wp:attachment":[{"href":"https:\/\/betsson.sport\/es\/wp-json\/wp\/v2\/media?parent=8379"}],"wp:term":[{"taxonomy":"category","embeddable":true,"href":"https:\/\/betsson.sport\/es\/wp-json\/wp\/v2\/categories?post=8379"},{"taxonomy":"post_tag","embeddable":true,"href":"https:\/\/betsson.sport\/es\/wp-json\/wp\/v2\/tags?post=8379"},{"taxonomy":"label","embeddable":true,"href":"https:\/\/betsson.sport\/es\/wp-json\/wp\/v2\/label?post=8379"},{"taxonomy":"country","embeddable":true,"href":"https:\/\/betsson.sport\/es\/wp-json\/wp\/v2\/country?post=8379"}],"curies":[{"name":"wp","href":"https:\/\/api.w.org\/{rel}","templated":true}]}}