{"id":8385,"date":"2026-03-06T11:23:55","date_gmt":"2026-03-06T14:23:55","guid":{"rendered":"https:\/\/betsson.sport\/es\/?p=8385"},"modified":"2026-03-06T15:00:52","modified_gmt":"2026-03-06T18:00:52","slug":"alexis-duarte-tras-quedarse-sin-mundial-lo-que-mas-temia-sucedio-me-cuesta-mucho-aceptar-este-momento","status":"publish","type":"post","link":"https:\/\/betsson.sport\/es\/noticias\/futbol\/mundial\/alexis-duarte-tras-quedarse-sin-mundial-lo-que-mas-temia-sucedio-me-cuesta-mucho-aceptar-este-momento\/","title":{"rendered":"Alexis Duarte, tras quedarse sin Mundial: \"Lo que m\u00e1s tem\u00eda sucedi\u00f3. Me cuesta mucho aceptar este momento\u201d"},"content":{"rendered":"\n<p>El defensor Alexis Duarte atraviesa uno de los momentos m\u00e1s dif\u00edciles de su carrera profesional. El zaguero paraguayo sufri\u00f3 una grave lesi\u00f3n en su debut con Libertad  y estar\u00e1 fuera de las canchas por aproximadamente ocho meses, lo que lo deja fuera de la Copa del Mundo  de este a\u00f1o que se disputar\u00e1 en Estados Unidos, M\u00e9xico y Canad\u00e1.<\/p>\n\n\n\n<p>El episodio ocurri\u00f3 el pasado lunes&nbsp;cuando Duarte, que fue titular en la goleada 7-0 del Gumarelo ante San Lorenzo, pudo disputar&nbsp;menos de media hora de juego antes de tener que abandonar el campo por una molestia en la rodilla.<\/p>\n\n\n\n<p>Tras los estudios m\u00e9dicos, el diagn\u00f3stico confirm\u00f3 una rotura de ligamentos, una lesi\u00f3n que no solo lo marginar\u00e1 de la temporada, sino tambi\u00e9n de la cita m\u00e1xima.&nbsp;El defensor, formado en Cerro Porte\u00f1o,  expres\u00f3 su dolor a trav\u00e9s de un mensaje en redes sociales, donde comparti\u00f3 su frustraci\u00f3n por el duro momento que atraviesa.<\/p>\n\n\n\n<p><em>\u201cLo que m\u00e1s tem\u00eda sucedi\u00f3. Me cuesta mucho aceptar este momento tan dif\u00edcil en mi carrera, esa rabia que siento por dentro, ese sonido seco, la frustraci\u00f3n es insoportable. Ahora me queda aceptarlo y mirar para adelante. S\u00e9 que con la ayuda de Dios, mi \u00e1ngel y mi familia saldr\u00e9 de esta. Gracias a todos por su apoyo\u201d<\/em>, escribi\u00f3 el futbolista en su cuenta de Instagram. <\/p>\n\n\n\n<p>Duarte hab\u00eda llegado recientemente a Libertad en condici\u00f3n de pr\u00e9stamo desde el Santos FC  de Brasil, con v\u00ednculo hasta mediados de este a\u00f1o y sin opci\u00f3n de compra.<\/p>\n\n\n\n<p>La lesi\u00f3n representa un duro golpe para el jugador de 25 a\u00f1os, que buscaba recuperar continuidad en el f\u00fatbol local y mantenerse en la \u00f3rbita de la selecci\u00f3n paraguaya de cara a la pr\u00f3xima cita mundialista. Ahora, su principal objetivo ser\u00e1 enfocarse en la recuperaci\u00f3n para volver a las canchas en la mejor forma posible.<\/p>\n\n\n\n<p><\/p>\n","protected":false},"excerpt":{"rendered":"<p>El pasado lunes, el defensor jug\u00f3 menos de media hora en su debut con Libertad y debi\u00f3 ser reemplazado por una lesi\u00f3n de rodilla que lo deja sin Mundial y sin actividad por los pr\u00f3ximos ocho meses.<\/p>\n","protected":false},"author":23,"featured_media":8386,"comment_status":"closed","ping_status":"closed","sticky":false,"template":"","format":"standard","meta":{"_acf_changed":true,"footnotes":""},"categories":[1798],"tags":[2464,1755,243,708],"label":[],"country":[1478],"class_list":["post-8385","post","type-post","status-publish","format-standard","has-post-thumbnail","hentry","category-mundial","tag-alexis-duarte","tag-copa-mundial-2026","tag-futbol-paraguayo","tag-seleccion-paraguaya","country-paraguay"],"acf":[],"_links":{"self":[{"href":"https:\/\/betsson.sport\/es\/wp-json\/wp\/v2\/posts\/8385","targetHints":{"allow":["GET"]}}],"collection":[{"href":"https:\/\/betsson.sport\/es\/wp-json\/wp\/v2\/posts"}],"about":[{"href":"https:\/\/betsson.sport\/es\/wp-json\/wp\/v2\/types\/post"}],"author":[{"embeddable":true,"href":"https:\/\/betsson.sport\/es\/wp-json\/wp\/v2\/users\/23"}],"replies":[{"embeddable":true,"href":"https:\/\/betsson.sport\/es\/wp-json\/wp\/v2\/comments?post=8385"}],"version-history":[{"count":0,"href":"https:\/\/betsson.sport\/es\/wp-json\/wp\/v2\/posts\/8385\/revisions"}],"wp:featuredmedia":[{"embeddable":true,"href":"https:\/\/betsson.sport\/es\/wp-json\/wp\/v2\/media\/8386"}],"wp:attachment":[{"href":"https:\/\/betsson.sport\/es\/wp-json\/wp\/v2\/media?parent=8385"}],"wp:term":[{"taxonomy":"category","embeddable":true,"href":"https:\/\/betsson.sport\/es\/wp-json\/wp\/v2\/categories?post=8385"},{"taxonomy":"post_tag","embeddable":true,"href":"https:\/\/betsson.sport\/es\/wp-json\/wp\/v2\/tags?post=8385"},{"taxonomy":"label","embeddable":true,"href":"https:\/\/betsson.sport\/es\/wp-json\/wp\/v2\/label?post=8385"},{"taxonomy":"country","embeddable":true,"href":"https:\/\/betsson.sport\/es\/wp-json\/wp\/v2\/country?post=8385"}],"curies":[{"name":"wp","href":"https:\/\/api.w.org\/{rel}","templated":true}]}}