{"id":8387,"date":"2026-03-06T17:40:17","date_gmt":"2026-03-06T20:40:17","guid":{"rendered":"https:\/\/betsson.sport\/es\/?p=8387"},"modified":"2026-03-06T17:40:19","modified_gmt":"2026-03-06T20:40:19","slug":"de-promesa-a-realidad-europea-el-brutal-cambio-fisico-de-osorio-que-le-exige-la-titularidad-a-cordova","status":"publish","type":"post","link":"https:\/\/betsson.sport\/es\/noticias\/futbol\/de-promesa-a-realidad-europea-el-brutal-cambio-fisico-de-osorio-que-le-exige-la-titularidad-a-cordova\/","title":{"rendered":"De promesa a realidad europea: El brutal cambio f\u00edsico de Osorio que le exige la titularidad a C\u00f3rdova."},"content":{"rendered":"\n<p>Se\u00f1ores, llevamos un buen rato buscando con lupa a ese jugador distinto que se atreva a agarrar la batuta de <em>La Roja<\/em>. Ese volante o extremo atrevido que pida la pelota cuando las papas queman. Y hoy, mirando con atenci\u00f3n lo que pasa en el Viejo Continente, hay un zurdo que est\u00e1 haciendo m\u00e9ritos m\u00e1s que suficientes para que le pasemos las llaves del equipo sin dudarlo: Dar\u00edo Osorio.<\/p>\n\n\n\n<p>Desde que empac\u00f3 las maletas y peg\u00f3 el salto a Europa, el nacido en Hijuelas meti\u00f3 un cambio de marcha brutal. Ya no estamos hablando simplemente de ese chico habilidoso que deslumbraba con chispazos de talento puro. All\u00e1 entendi\u00f3 r\u00e1pidamente que con la pura gambeta no te alcanza. Gan\u00f3 una masa muscular evidente, sum\u00f3 un ida y vuelta tremendo, y le agreg\u00f3 a su repertorio ese rigor t\u00e1ctico y f\u00edsico que exige la \u00e9lite. Hoy por hoy, Osorio tiene el roce, la explosi\u00f3n y el tranco de un jugador de talla internacional. Listo para una de las 5 grandes ligas.<\/p>\n\n\n\n<p>Con La Roja en pleno proceso de rearmado y buscando urgentes variantes ofensivas, la pregunta cae de caj\u00f3n: \u00bfSeguimos llev\u00e1ndolo de a poco, cuid\u00e1ndolo entre algodones o derechamente le pasamos la camiseta de titular? Su atrevimiento para encarar siempre hacia adentro, esa zurda picante que tiene para la media distancia y su nueva intensidad f\u00edsica, son herramientas que a Chile le urgen. Sinceramente, ya no hay margen para seguir esperando a que \"termine de madurar\". El jugador ya est\u00e1 listo para el desaf\u00edo mayor.<\/p>\n\n\n\n<p>No olvidemos que solo tiene 22 a\u00f1os, pero con casi tres temporadas en Dinamarca ya demuestra la madurez suficiente para reclamar un lugar en el mediocampo chileno. Y atentos a esto: por muy ofensivo que sea, su posici\u00f3n no es la de extremo pegado a la banda ni la de segundo delantero. Su lugar est\u00e1 ah\u00ed, como interior, un poco m\u00e1s adelantado, pero llegando desde atr\u00e1s, con el arco rival de frente y con protagonismo.<\/p>\n\n\n\n<p>Y qu\u00e9 mejor escenario para su consagraci\u00f3n definitiva que el tremendo amistoso que se nos viene contra la Portugal de Cristiano Ronaldo. Se\u00f1ores, ese es el partido bisagra. Es el momento exacto para que Osorio salte a la cancha, se pare frente a bestias consagradas como Bernardo Silva o Bruno Fernandes, los mire a los ojos y demuestre que no le pesa en absoluto la camiseta en la alta competencia. Es su prueba de fuego para recibirse de l\u00edder en esta nueva etapa.<\/p>\n\n\n\n<p>El debate queda totalmente abierto. \u00bfSienten ustedes que Dar\u00edo Osorio ya tiene los pantalones y la jerarqu\u00eda suficiente para echarse al hombro la creaci\u00f3n ofensiva de esta nueva generaci\u00f3n de La Roja o creen que todav\u00eda le falta sumar kil\u00f3metros?<\/p>\n\n\n\n<p>Compartan esta columna en sus grupos futboleros y que comience el debate en <strong>Betsson.sport<\/strong>.<\/p>\n\n\n\n<p><\/p>\n","protected":false},"excerpt":{"rendered":"<p>Hoy por hoy, Osorio tiene el roce, la explosi\u00f3n y el tranco de un jugador de talla internacional. Listo para una de las 5 grandes ligas.<\/p>\n","protected":false},"author":19,"featured_media":8390,"comment_status":"closed","ping_status":"closed","sticky":false,"template":"","format":"standard","meta":{"_acf_changed":true,"footnotes":""},"categories":[7],"tags":[1137,311,658,686,315],"label":[],"country":[1475],"class_list":["post-8387","post","type-post","status-publish","format-standard","has-post-thumbnail","hentry","category-futbol","tag-dario-osorio","tag-la-roja","tag-nico-cordova-2","tag-nicolas-cordova-2","tag-seleccion-chilena","country-chile"],"acf":[],"_links":{"self":[{"href":"https:\/\/betsson.sport\/es\/wp-json\/wp\/v2\/posts\/8387","targetHints":{"allow":["GET"]}}],"collection":[{"href":"https:\/\/betsson.sport\/es\/wp-json\/wp\/v2\/posts"}],"about":[{"href":"https:\/\/betsson.sport\/es\/wp-json\/wp\/v2\/types\/post"}],"author":[{"embeddable":true,"href":"https:\/\/betsson.sport\/es\/wp-json\/wp\/v2\/users\/19"}],"replies":[{"embeddable":true,"href":"https:\/\/betsson.sport\/es\/wp-json\/wp\/v2\/comments?post=8387"}],"version-history":[{"count":0,"href":"https:\/\/betsson.sport\/es\/wp-json\/wp\/v2\/posts\/8387\/revisions"}],"wp:featuredmedia":[{"embeddable":true,"href":"https:\/\/betsson.sport\/es\/wp-json\/wp\/v2\/media\/8390"}],"wp:attachment":[{"href":"https:\/\/betsson.sport\/es\/wp-json\/wp\/v2\/media?parent=8387"}],"wp:term":[{"taxonomy":"category","embeddable":true,"href":"https:\/\/betsson.sport\/es\/wp-json\/wp\/v2\/categories?post=8387"},{"taxonomy":"post_tag","embeddable":true,"href":"https:\/\/betsson.sport\/es\/wp-json\/wp\/v2\/tags?post=8387"},{"taxonomy":"label","embeddable":true,"href":"https:\/\/betsson.sport\/es\/wp-json\/wp\/v2\/label?post=8387"},{"taxonomy":"country","embeddable":true,"href":"https:\/\/betsson.sport\/es\/wp-json\/wp\/v2\/country?post=8387"}],"curies":[{"name":"wp","href":"https:\/\/api.w.org\/{rel}","templated":true}]}}