{"id":8397,"date":"2026-03-06T17:41:42","date_gmt":"2026-03-06T20:41:42","guid":{"rendered":"https:\/\/betsson.sport\/es\/?p=8397"},"modified":"2026-03-06T21:49:12","modified_gmt":"2026-03-07T00:49:12","slug":"santiago-sosa-y-racing-en-medio-de-una-disputa-por-su-situacion-contractual","status":"publish","type":"post","link":"https:\/\/betsson.sport\/es\/noticias\/futbol\/liga-profesional-argentina\/santiago-sosa-y-racing-en-medio-de-una-disputa-por-su-situacion-contractual\/","title":{"rendered":"Santiago Sosa y Racing, en medio de una disputa por su situaci\u00f3n contractual"},"content":{"rendered":"\n<p>La victoria por 3-0 frente a\u00a0Atl\u00e9tico Tucum\u00e1n\u00a0como visitante permiti\u00f3 que\u00a0Racing\u00a0volviera a acomodarse en el\u00a0Torneo Apertura\u00a0tras un comienzo complicado marcado por tres derrotas consecutivas. Sin embargo, en las \u00faltimas horas la calma deportiva qued\u00f3 en segundo plano debido a un conflicto interno protagonizado por el capit\u00e1n<strong>\u00a0<\/strong>Santiago Sosa<strong>\u00a0<\/strong>y la dirigencia del club.<\/p>\n\n\n\n<p>El mediocampista lleg\u00f3 a comienzos de 2024 a pr\u00e9stamos, procedente de Atlanta United de la MLS. Sus actuaciones convencieron r\u00e1pidamente a la instituci\u00f3n de Avellaneda, que decidi\u00f3 ejecutar la opci\u00f3n de compra y firmar un nuevo contrato con el futbolista hasta 2028, adem\u00e1s de acordar un aumento en sus apercibimientos.<\/p>\n\n\n\n<p>Durante 2025 su peso dentro del equipo creci\u00f3 de manera notable. Tras la salida de Gabriel Arias, el volante pas\u00f3 a ser uno de los capitanes del plantel, una responsabilidad que desde su entorno consideran que deber\u00eda reflejarse tambi\u00e9n en una mejora de sus condiciones salariales.<\/p>\n\n\n\n<p>A partir de ese planteo comenzaron los contactos con la dirigencia. El reclamo fue impulsado por su representante, Hern\u00e1n Berman, quien mantuvo conversaciones con la conducci\u00f3n encabezada por Diego Milito, aunque la respuesta negativa provoc\u00f3 un foco de tensi\u00f3n que ahora ambas partes intentan encauzar.<\/p>\n\n\n\n<p>Mientras tanto, en lo deportivo el jugador sigue siendo una pieza clave. En lo que va del Torneo Apertura disput\u00f3 los ocho partidos del equipo y en todos fue titular, consolid\u00e1ndose como uno de los futbolistas m\u00e1s utilizados en la estructura del conjunto de Avellaneda.<\/p>\n\n\n\n<p>En el reciente triunfo frente al Decano, complet\u00f3 los 90 minutos y dej\u00f3 n\u00fameros destacados: acert\u00f3 27 de 32 pases, registr\u00f3 44 toques de pelota, realiz\u00f3 dos despejes y recuper\u00f3 cuatro balones a lo largo del encuentro.<\/p>\n\n\n\n<p>La situaci\u00f3n no es el \u00fanico tema que inquieta en el club. Tambi\u00e9n surgi\u00f3 un problema con Gast\u00f3n Martirena, cuya ausencia en la lista de concentrados para ese partido fue explicada inicialmente por problemas personales y ahora podr\u00eda derivar en una sanci\u00f3n disciplinaria.<\/p>\n\n\n\n<p>Con el correr de las horas trascendi\u00f3 que el lateral derecho decidi\u00f3 no integrar la delegaci\u00f3n despu\u00e9s de que la instituci\u00f3n rechazara una propuesta de Gremio de Brasil, que pretend\u00eda incorporarlo a pr\u00e9stamo, sin cargo y sin opci\u00f3n de compra. La dirigencia analiza los pasos a seguir mientras intenta resolver ambos frentes.<\/p>\n\n\n\n<p><\/p>\n\n\n\n<p>&nbsp;<\/p>\n\n\n\n<p><\/p>\n","protected":false},"excerpt":{"rendered":"<p>El capit\u00e1n de la Academia considera que su nuevo rol dentro del plantel merece una actualizaci\u00f3n salarial.<\/p>\n","protected":false},"author":23,"featured_media":8398,"comment_status":"closed","ping_status":"closed","sticky":false,"template":"","format":"standard","meta":{"_acf_changed":true,"footnotes":""},"categories":[1786],"tags":[240,58,440,2471],"label":[],"country":[1473],"class_list":["post-8397","post","type-post","status-publish","format-standard","has-post-thumbnail","hentry","category-liga-profesional-argentina","tag-futbol-argentino","tag-liga-argentina","tag-racing-club","tag-santiago-sosa","country-argentina"],"acf":[],"_links":{"self":[{"href":"https:\/\/betsson.sport\/es\/wp-json\/wp\/v2\/posts\/8397","targetHints":{"allow":["GET"]}}],"collection":[{"href":"https:\/\/betsson.sport\/es\/wp-json\/wp\/v2\/posts"}],"about":[{"href":"https:\/\/betsson.sport\/es\/wp-json\/wp\/v2\/types\/post"}],"author":[{"embeddable":true,"href":"https:\/\/betsson.sport\/es\/wp-json\/wp\/v2\/users\/23"}],"replies":[{"embeddable":true,"href":"https:\/\/betsson.sport\/es\/wp-json\/wp\/v2\/comments?post=8397"}],"version-history":[{"count":0,"href":"https:\/\/betsson.sport\/es\/wp-json\/wp\/v2\/posts\/8397\/revisions"}],"wp:featuredmedia":[{"embeddable":true,"href":"https:\/\/betsson.sport\/es\/wp-json\/wp\/v2\/media\/8398"}],"wp:attachment":[{"href":"https:\/\/betsson.sport\/es\/wp-json\/wp\/v2\/media?parent=8397"}],"wp:term":[{"taxonomy":"category","embeddable":true,"href":"https:\/\/betsson.sport\/es\/wp-json\/wp\/v2\/categories?post=8397"},{"taxonomy":"post_tag","embeddable":true,"href":"https:\/\/betsson.sport\/es\/wp-json\/wp\/v2\/tags?post=8397"},{"taxonomy":"label","embeddable":true,"href":"https:\/\/betsson.sport\/es\/wp-json\/wp\/v2\/label?post=8397"},{"taxonomy":"country","embeddable":true,"href":"https:\/\/betsson.sport\/es\/wp-json\/wp\/v2\/country?post=8397"}],"curies":[{"name":"wp","href":"https:\/\/api.w.org\/{rel}","templated":true}]}}