{"id":8545,"date":"2026-03-10T23:33:31","date_gmt":"2026-03-11T02:33:31","guid":{"rendered":"https:\/\/betsson.sport\/es\/?p=8545"},"modified":"2026-03-10T23:33:33","modified_gmt":"2026-03-11T02:33:33","slug":"alianza-lima-al-ritmo-de-jairo-velez","status":"publish","type":"post","link":"https:\/\/betsson.sport\/es\/noticias\/futbol\/liga-1-peru\/alianza-lima-al-ritmo-de-jairo-velez\/","title":{"rendered":"Alianza Lima: al ritmo de Jairo V\u00e9lez"},"content":{"rendered":"\n<p>Alianza Lima gan\u00f3 su tercer partido de manera consecutiva en el torneo Apertura, el quinto del certamen. Es l\u00edder con 16 puntos. Le sac\u00f3 dos puntos a Los Chankas CYC, su m\u00e1s cercano perseguidor, tres a UTC, cinco a Universitario de Deportes y siete a Melgar, a quien justamente derrot\u00f3 anoche en Matute por 3 a 1. <br><\/p>\n\n\n\n<p>Es la primera vez en el a\u00f1o que consigue anotar m\u00e1s de dos goles en un partido oficial y en que tiene una expectativa de gol superior a la que hab\u00eda tenido en los \u00faltimos encuentros. La clave del cambio: Ubicar a los jugadores en el lugar en que mejor se desempe\u00f1aron en lo que va del a\u00f1o o a lo largo de su carrera. Adv\u00edncula jug\u00f3 de lateral derecho y Huam\u00e1n por izquierda. Pavez lo hizo como contenci\u00f3n al lado de Gaibor, Quevedo y Cantero estuvieron en las bandas, Guerrero como delantero \u00fanico y Jairo V\u00e9lez detr\u00e1s de \u00e9l. <br><\/p>\n\n\n\n<p>El \u00faltimo de ellos fue vital. Por primera vez en la temporada jug\u00f3 en el puesto en el que siempre rindi\u00f3. No puede ser casualidad que el mejor partido de Alianza en el a\u00f1o en lo que a percepci\u00f3n y cifras se refiere coincida con el mejor encuentro que tuvo el peruano ecuatoriano y que justamente lo haya hecho en dicha posici\u00f3n. <br><\/p>\n\n\n\n<p>V\u00e9lez particip\u00f3 en cuanta jugada de ataque tuvo su equipo. Anot\u00f3 un gol y se invent\u00f3 una jugada de lujo para asistir a Garc\u00e9s en el tercero de Alianza. Un nivel fundamental el que mostr\u00f3 anoche y que le aportar\u00e1 much\u00edsimo a Alianza en el futuro cercano si es que el t\u00e9cnico decide sostenerlo en esa posici\u00f3n, en la que siempre respondi\u00f3 y en la que aparece cerca al \u00e1rea y no a m\u00e1s de veinte metros de ella. <\/p>\n\n\n\n<p><\/p>\n","protected":false},"excerpt":{"rendered":"<p>El volante peruano-ecuatoriano fue la figura y el principal gestor ofensivo de los blanquiazules en su mejor partido del a\u00f1o ante Melgar.<\/p>\n","protected":false},"author":17,"featured_media":8552,"comment_status":"closed","ping_status":"closed","sticky":true,"template":"","format":"standard","meta":{"_acf_changed":true,"footnotes":""},"categories":[1780],"tags":[122,206,1501,224],"label":[],"country":[1479],"class_list":["post-8545","post","type-post","status-publish","format-standard","has-post-thumbnail","hentry","category-liga-1-peru","tag-alianza-lima","tag-futbol-peruano","tag-jairo-velez","tag-liga-1-peru","country-peru"],"acf":[],"_links":{"self":[{"href":"https:\/\/betsson.sport\/es\/wp-json\/wp\/v2\/posts\/8545","targetHints":{"allow":["GET"]}}],"collection":[{"href":"https:\/\/betsson.sport\/es\/wp-json\/wp\/v2\/posts"}],"about":[{"href":"https:\/\/betsson.sport\/es\/wp-json\/wp\/v2\/types\/post"}],"author":[{"embeddable":true,"href":"https:\/\/betsson.sport\/es\/wp-json\/wp\/v2\/users\/17"}],"replies":[{"embeddable":true,"href":"https:\/\/betsson.sport\/es\/wp-json\/wp\/v2\/comments?post=8545"}],"version-history":[{"count":0,"href":"https:\/\/betsson.sport\/es\/wp-json\/wp\/v2\/posts\/8545\/revisions"}],"wp:featuredmedia":[{"embeddable":true,"href":"https:\/\/betsson.sport\/es\/wp-json\/wp\/v2\/media\/8552"}],"wp:attachment":[{"href":"https:\/\/betsson.sport\/es\/wp-json\/wp\/v2\/media?parent=8545"}],"wp:term":[{"taxonomy":"category","embeddable":true,"href":"https:\/\/betsson.sport\/es\/wp-json\/wp\/v2\/categories?post=8545"},{"taxonomy":"post_tag","embeddable":true,"href":"https:\/\/betsson.sport\/es\/wp-json\/wp\/v2\/tags?post=8545"},{"taxonomy":"label","embeddable":true,"href":"https:\/\/betsson.sport\/es\/wp-json\/wp\/v2\/label?post=8545"},{"taxonomy":"country","embeddable":true,"href":"https:\/\/betsson.sport\/es\/wp-json\/wp\/v2\/country?post=8545"}],"curies":[{"name":"wp","href":"https:\/\/api.w.org\/{rel}","templated":true}]}}