{"id":8583,"date":"2026-03-11T12:37:48","date_gmt":"2026-03-11T15:37:48","guid":{"rendered":"https:\/\/betsson.sport\/es\/?p=8583"},"modified":"2026-03-11T12:37:49","modified_gmt":"2026-03-11T15:37:49","slug":"lesion-de-luis-angel-malagon-lo-dejaria-fuera-del-mundial-2026","status":"publish","type":"post","link":"https:\/\/betsson.sport\/es\/noticias\/futbol\/mundial\/lesion-de-luis-angel-malagon-lo-dejaria-fuera-del-mundial-2026\/","title":{"rendered":"Lesi\u00f3n de Luis \u00c1ngel Malag\u00f3n lo dejar\u00eda fuera del Mundial 2026"},"content":{"rendered":"\n<p>Malas noticias para Luis \u00c1ngel Malag\u00f3n, portero del Club Am\u00e9rica y de la Selecci\u00f3n de M\u00e9xico, quien se perder\u00eda el Copa Mundial de la FIFA 2026 tras salir lesionado durante el partido ante Philadelphia Union por los octavos de final de la Concacaf Champions Cup.<\/p>\n\n\n\n<p>Corr\u00eda el minuto 37 del primer tiempo cuando Malag\u00f3n intent\u00f3 despejar la pelota. En la acci\u00f3n, el arquero mostr\u00f3 dolor al doblarse el tobillo izquierdo. El guardameta del Tricolor qued\u00f3 tendido sobre el terreno de juego y r\u00e1pidamente solicitaron la asistencia m\u00e9dica del equipo.<\/p>\n\n\n\n<p>Luego de revisarlo en la cancha, el cuerpo m\u00e9dico determin\u00f3 sustituirlo y retirarlo en camilla para trasladarlo a los vestuarios y continuar con las evaluaciones m\u00e9dicas.<\/p>\n\n\n\n<p>Al finalizar el partido, en conferencia de prensa, se confirm\u00f3 que el guardameta mexicano habr\u00eda sufrido una ruptura del tend\u00f3n de Aquiles, por lo que se mantendr\u00eda alejado de las canchas por al menos seis meses.<\/p>\n\n\n\n<p>Tras conocerse la lesi\u00f3n, el propio Malag\u00f3n public\u00f3 en sus redes sociales un mensaje de agradecimiento por las muestras de apoyo de sus compa\u00f1eros y de toda la afici\u00f3n mexicana, dejando ver un momento dif\u00edcil en lo que ha sido una de sus mejores etapas como arquero de las \u00c1guilas.<\/p>\n\n\n\n<p>Con esta situaci\u00f3n, y considerando que pr\u00e1cticamente quedar\u00eda imposibilitado de ser convocado por Javier Aguirre para disputar el Mundial en junio, la lista de posibles nombres para sustituirlo comienza a crecer en el entorno de la selecci\u00f3n.<\/p>\n\n\n\n<p>Cabe recordar que Malag\u00f3n hab\u00eda sido el portero con m\u00e1s presencias en la nueva era de Aguirre, participando en la Copa Oro y la Liga de Naciones de la Concacaf, sumando un total de 15 apariciones.<\/p>\n\n\n\n<p>Finalmente, a pesar de que todo apunta a una ruptura del tend\u00f3n de Aquiles, el Club Am\u00e9rica fue cauto y emiti\u00f3 un comunicado manteniendo en reserva el parte m\u00e9dico oficial.<\/p>\n","protected":false},"excerpt":{"rendered":"<p>El arquero del Am\u00e9rica sufri\u00f3 la ruptura del tend\u00f3n de Aquiles, lesi\u00f3n cuyo tiempo de recuperaci\u00f3n bordea los seis meses, lo cual lo deja pr\u00e1cticamente fuera del Mundial. <\/p>\n","protected":false},"author":20,"featured_media":8584,"comment_status":"closed","ping_status":"closed","sticky":false,"template":"","format":"standard","meta":{"_acf_changed":true,"footnotes":""},"categories":[1798],"tags":[677,548,2545,431,2546],"label":[],"country":[1477],"class_list":["post-8583","post","type-post","status-publish","format-standard","has-post-thumbnail","hentry","category-mundial","tag-concachampions","tag-lesion","tag-malagon","tag-mundial-2026","tag-philapelphia","country-mexico"],"acf":[],"_links":{"self":[{"href":"https:\/\/betsson.sport\/es\/wp-json\/wp\/v2\/posts\/8583","targetHints":{"allow":["GET"]}}],"collection":[{"href":"https:\/\/betsson.sport\/es\/wp-json\/wp\/v2\/posts"}],"about":[{"href":"https:\/\/betsson.sport\/es\/wp-json\/wp\/v2\/types\/post"}],"author":[{"embeddable":true,"href":"https:\/\/betsson.sport\/es\/wp-json\/wp\/v2\/users\/20"}],"replies":[{"embeddable":true,"href":"https:\/\/betsson.sport\/es\/wp-json\/wp\/v2\/comments?post=8583"}],"version-history":[{"count":0,"href":"https:\/\/betsson.sport\/es\/wp-json\/wp\/v2\/posts\/8583\/revisions"}],"wp:featuredmedia":[{"embeddable":true,"href":"https:\/\/betsson.sport\/es\/wp-json\/wp\/v2\/media\/8584"}],"wp:attachment":[{"href":"https:\/\/betsson.sport\/es\/wp-json\/wp\/v2\/media?parent=8583"}],"wp:term":[{"taxonomy":"category","embeddable":true,"href":"https:\/\/betsson.sport\/es\/wp-json\/wp\/v2\/categories?post=8583"},{"taxonomy":"post_tag","embeddable":true,"href":"https:\/\/betsson.sport\/es\/wp-json\/wp\/v2\/tags?post=8583"},{"taxonomy":"label","embeddable":true,"href":"https:\/\/betsson.sport\/es\/wp-json\/wp\/v2\/label?post=8583"},{"taxonomy":"country","embeddable":true,"href":"https:\/\/betsson.sport\/es\/wp-json\/wp\/v2\/country?post=8583"}],"curies":[{"name":"wp","href":"https:\/\/api.w.org\/{rel}","templated":true}]}}