{"id":8591,"date":"2026-03-11T11:43:31","date_gmt":"2026-03-11T14:43:31","guid":{"rendered":"https:\/\/betsson.sport\/es\/?p=8591"},"modified":"2026-03-11T15:28:52","modified_gmt":"2026-03-11T18:28:52","slug":"universidad-de-chile-anuncia-la-salida-de-francisco-meneghini","status":"publish","type":"post","link":"https:\/\/betsson.sport\/es\/noticias\/futbol\/liga-primera-chile\/universidad-de-chile-anuncia-la-salida-de-francisco-meneghini\/","title":{"rendered":"Universidad de Chile anuncia la salida de Francisco Meneghini"},"content":{"rendered":"\n<p>Universidad de Chile\u00a0tom\u00f3 la determinaci\u00f3n de desplazar del cargo de entrenador a\u00a0Francisco Meneghini, despu\u00e9s de poco m\u00e1s de dos meses de trabajo que no lograron funcionamiento ni resultados.<\/p>\n\n\n\n<p>El argentino, de 37 a\u00f1os, fue anunciado a finales de diciembre pasado como sucesor de Gustavo \u00c1lvarez, pero ha dejado una pobre cosecha en los siete encuentros que dirigi\u00f3, m\u00e1s all\u00e1 de que el \u00fanico triunfo lo consigui\u00f3 en el supercl\u00e1sico.<\/p>\n\n\n\n<p>Con apenas una victoria, la mencionada por 1-0 sobre Colo Colo,\u00a0cuatro empates y dos ca\u00eddas, el ciclo de Paqui en uno de los grandes del f\u00fatbol chileno se acaba r\u00e1pidamente. \u00bfEl detonante? La eliminaci\u00f3n en su serie a partido \u00fanico de la CONMEBOL Sudamericana frente a Palestino.<\/p>\n\n\n\n<p>\"El Club Universidad de Chile informa a sus hinchas y a la opini\u00f3n p\u00fablica que, desde este mi\u00e9rcoles 11 de marzo, el se\u00f1or Francisco Meneghini no continuar\u00e1 ejerciendo sus funciones como entrenador de nuestro Primer Equipo masculino\", informaron desde el club azul en la jornada de este mi\u00e9rcoles.<\/p>\n\n\n\n<p>\"La finalizaci\u00f3n del v\u00ednculo contractual se acord\u00f3 en buenos t\u00e9rminos gracias a la excelente disposici\u00f3n mostrada por el t\u00e9cnico, quien en todo momento privilegi\u00f3 el bienestar de la instituci\u00f3n y el equipo. Fue as\u00ed como se lleg\u00f3 a un t\u00e9rmino de la relaci\u00f3n laboral por mutuo acuerdo entre ambas partes\", continuaron en el comunicado emitido.<\/p>\n\n\n\n<p>Asimismo, desde el club universitario se encargaron de detallar qui\u00e9n tomar\u00e1 las riendas del plantel, mientras van en la b\u00fasqueda de un nuevo DT. \"En lo inmediato, se determin\u00f3 que Jhon Valladares asumir\u00e1 como entrenador interino del plantel profesional, comandando desde hoy mi\u00e9rcoles los entrenamientos del equipo con miras al partido ante Coquimbo Unido, v\u00e1lido por la Fecha 7 de la Liga de Primera 2026\", comentaron.<\/p>\n\n\n\n<p>Meneghini fue incapaz de trasladar su buen trabajo logrado en O'Higgins la temporada pasada, en la que finaliz\u00f3 3\u00ba en las posiciones, ni con Uni\u00f3n La Calera en 2021, cuando tambi\u00e9n dej\u00f3 una buena impresi\u00f3n al culminar 4\u00ba. La corta etapa en la U quedar\u00e1 como un agrio recuerdo para el rosarino.<\/p>\n","protected":false},"excerpt":{"rendered":"<p>El t\u00e9cnico argentino fue removido de su cargo tras apenas siete partidos y tras un flojo arranque de 2026.<\/p>\n","protected":false},"author":23,"featured_media":8592,"comment_status":"closed","ping_status":"closed","sticky":false,"template":"","format":"standard","meta":{"_acf_changed":true,"footnotes":""},"categories":[1788],"tags":[1585,331,472,102],"label":[],"country":[1475],"class_list":["post-8591","post","type-post","status-publish","format-standard","has-post-thumbnail","hentry","category-liga-primera-chile","tag-francisco-meneghini","tag-futbol-chileno","tag-liga-chilena","tag-universidad-de-chile","country-chile"],"acf":[],"_links":{"self":[{"href":"https:\/\/betsson.sport\/es\/wp-json\/wp\/v2\/posts\/8591","targetHints":{"allow":["GET"]}}],"collection":[{"href":"https:\/\/betsson.sport\/es\/wp-json\/wp\/v2\/posts"}],"about":[{"href":"https:\/\/betsson.sport\/es\/wp-json\/wp\/v2\/types\/post"}],"author":[{"embeddable":true,"href":"https:\/\/betsson.sport\/es\/wp-json\/wp\/v2\/users\/23"}],"replies":[{"embeddable":true,"href":"https:\/\/betsson.sport\/es\/wp-json\/wp\/v2\/comments?post=8591"}],"version-history":[{"count":0,"href":"https:\/\/betsson.sport\/es\/wp-json\/wp\/v2\/posts\/8591\/revisions"}],"wp:featuredmedia":[{"embeddable":true,"href":"https:\/\/betsson.sport\/es\/wp-json\/wp\/v2\/media\/8592"}],"wp:attachment":[{"href":"https:\/\/betsson.sport\/es\/wp-json\/wp\/v2\/media?parent=8591"}],"wp:term":[{"taxonomy":"category","embeddable":true,"href":"https:\/\/betsson.sport\/es\/wp-json\/wp\/v2\/categories?post=8591"},{"taxonomy":"post_tag","embeddable":true,"href":"https:\/\/betsson.sport\/es\/wp-json\/wp\/v2\/tags?post=8591"},{"taxonomy":"label","embeddable":true,"href":"https:\/\/betsson.sport\/es\/wp-json\/wp\/v2\/label?post=8591"},{"taxonomy":"country","embeddable":true,"href":"https:\/\/betsson.sport\/es\/wp-json\/wp\/v2\/country?post=8591"}],"curies":[{"name":"wp","href":"https:\/\/api.w.org\/{rel}","templated":true}]}}