{"id":8640,"date":"2026-03-12T19:20:19","date_gmt":"2026-03-12T22:20:19","guid":{"rendered":"https:\/\/betsson.sport\/es\/?p=8640"},"modified":"2026-03-12T20:07:05","modified_gmt":"2026-03-12T23:07:05","slug":"la-finalissima-ya-se-juega-en-los-escritorios","status":"publish","type":"post","link":"https:\/\/betsson.sport\/es\/noticias\/futbol\/la-finalissima-ya-se-juega-en-los-escritorios\/","title":{"rendered":"La Finalissima ya se juega en los escritorios"},"content":{"rendered":"\n<p>Con Doha pr\u00e1cticamente descartado por el conflicto en el Medio Oriente, el Santiago Bernab\u00e9u apareci\u00f3 como principal alternativa tras la postulaci\u00f3n hecha por la Real Federaci\u00f3n Espa\u00f1ola; sin embargo, en la AFA no tardaron en mostrar su desacuerdo, debido a que Espa\u00f1a har\u00eda de local en Madrid, y han propuesto como sede al Estadio Monumental de Buenos Aires.<\/p>\n\n\n\n<p>Chiqui Tapia, presidente de la AFA, ha mostrado desde su cuenta de X su intenci\u00f3n de llevar el partido a Argentina y asegur\u00f3 que cuenta con el respaldo de Conmebol: \"Esta noche dialogaremos con el presidente Alejandro Dom\u00ednguez sobre la Finalissima. Desde la Asociaci\u00f3n del F\u00fatbol Argentino y la Conmebol creemos que el Estadio Monumental es el escenario ideal para recibir esta gran final\".<\/p>\n\n\n\n<figure class=\"wp-block-image size-large\"><img decoding=\"async\" width=\"1024\" height=\"663\" src=\"https:\/\/betsson.sport\/es\/wp-content\/uploads\/2026\/03\/sdl6iFOZAz2ZLk-nh-1024x663.jpg\" alt=\"\" class=\"wp-image-8645\" srcset=\"https:\/\/betsson.sport\/es\/wp-content\/uploads\/2026\/03\/sdl6iFOZAz2ZLk-nh-1024x663.jpg 1024w, https:\/\/betsson.sport\/es\/wp-content\/uploads\/2026\/03\/sdl6iFOZAz2ZLk-nh-420x272.jpg 420w, https:\/\/betsson.sport\/es\/wp-content\/uploads\/2026\/03\/sdl6iFOZAz2ZLk-nh-768x497.jpg 768w, https:\/\/betsson.sport\/es\/wp-content\/uploads\/2026\/03\/sdl6iFOZAz2ZLk-nh-1536x994.jpg 1536w, https:\/\/betsson.sport\/es\/wp-content\/uploads\/2026\/03\/sdl6iFOZAz2ZLk-nh-556x360.jpg 556w, https:\/\/betsson.sport\/es\/wp-content\/uploads\/2026\/03\/sdl6iFOZAz2ZLk-nh.jpg 1832w\" sizes=\"(max-width: 1024px) 100vw, 1024px\" \/><figcaption class=\"wp-element-caption\">Conmebol's president, Paraguayan Alejandro Dominguez (L) and the president of the Argentine Football Association (AFA) Claudio Tapia. (Photo by JUAN MABROMATA \/ AFP)<\/figcaption><\/figure>\n\n\n\n<p>El m\u00e1ximo dirigente del f\u00fatbol argentino tambi\u00e9n realiz\u00f3 declaraciones luego de su presentaci\u00f3n en el marco de la causa por presunta evasi\u00f3n.<\/p>\n\n\n\n<p>\u201cNos vamos a poner a trabajar porque Espa\u00f1a quiere que la Finalissima se juegue en Espa\u00f1a y nosotros queremos que se juegue en el Monumental\u201d, asegur\u00f3 Tapia.<\/p>\n\n\n\n<p>Sin embargo, el estadio de River Plate ya ha sido alquilado para el 27 de marzo, fecha en la que debe jugarse el partido. En el campo del Monumental tocar\u00e1 la banda AC\/DC, por lo cual la propuesta de Tapia parte con una desventaja. Aun as\u00ed, la postura de la AFA es firme: no aceptar que se juegue en Espa\u00f1a.<\/p>\n\n\n\n<figure class=\"wp-block-image size-large\"><img decoding=\"async\" width=\"1024\" height=\"683\" src=\"https:\/\/betsson.sport\/es\/wp-content\/uploads\/2026\/03\/sdlc68f01BjNfg-nh-1024x683.jpg\" alt=\"\" class=\"wp-image-8641\" srcset=\"https:\/\/betsson.sport\/es\/wp-content\/uploads\/2026\/03\/sdlc68f01BjNfg-nh-1024x683.jpg 1024w, https:\/\/betsson.sport\/es\/wp-content\/uploads\/2026\/03\/sdlc68f01BjNfg-nh-420x280.jpg 420w, https:\/\/betsson.sport\/es\/wp-content\/uploads\/2026\/03\/sdlc68f01BjNfg-nh-768x512.jpg 768w, https:\/\/betsson.sport\/es\/wp-content\/uploads\/2026\/03\/sdlc68f01BjNfg-nh-1536x1024.jpg 1536w, https:\/\/betsson.sport\/es\/wp-content\/uploads\/2026\/03\/sdlc68f01BjNfg-nh-2048x1365.jpg 2048w, https:\/\/betsson.sport\/es\/wp-content\/uploads\/2026\/03\/sdlc68f01BjNfg-nh-540x360.jpg 540w\" sizes=\"(max-width: 1024px) 100vw, 1024px\" \/><figcaption class=\"wp-element-caption\">Aerial view shows the Mas Monumental stadium in Buenos Aires. (Photo by Luis ROBAYO \/ AFP)<\/figcaption><\/figure>\n\n\n\n<p>Son horas clave para la definici\u00f3n de la sede. No se descarta una cancha neutral en Europa o Am\u00e9rica, incluso la postergaci\u00f3n del partido tambi\u00e9n es una posibilidad. En tanto, solo quedan poco m\u00e1s de dos semanas para la fecha pactada para el duelo entre las dos mejores selecciones de la actualidad.<\/p>\n\n\n\n<p><\/p>\n","protected":false},"excerpt":{"rendered":"<p>Chiqui Tapia, presidente de la AFA, asegur\u00f3 que cuenta con el respaldo de la Conmebol para llevar la Finalissima al Monumental de River Plate. En Argentina rechazan la posibilidad de que el partido del 27 de marzo, que enfrentar\u00e1 a argentinos y espa\u00f1oles, se dispute en el Santiago Bernab\u00e9u.<\/p>\n","protected":false},"author":28,"featured_media":8642,"comment_status":"closed","ping_status":"closed","sticky":true,"template":"","format":"standard","meta":{"_acf_changed":true,"footnotes":""},"categories":[7],"tags":[52,1245,213,86,716,1510,2557,208],"label":[],"country":[1473],"class_list":["post-8640","post","type-post","status-publish","format-standard","has-post-thumbnail","hentry","category-futbol","tag-argentina","tag-chiqui-tapia","tag-conmebol","tag-espana","tag-estadio-monumental","tag-finalissima","tag-santiago-bernabeu-2","tag-uefa","country-argentina"],"acf":[],"_links":{"self":[{"href":"https:\/\/betsson.sport\/es\/wp-json\/wp\/v2\/posts\/8640","targetHints":{"allow":["GET"]}}],"collection":[{"href":"https:\/\/betsson.sport\/es\/wp-json\/wp\/v2\/posts"}],"about":[{"href":"https:\/\/betsson.sport\/es\/wp-json\/wp\/v2\/types\/post"}],"author":[{"embeddable":true,"href":"https:\/\/betsson.sport\/es\/wp-json\/wp\/v2\/users\/28"}],"replies":[{"embeddable":true,"href":"https:\/\/betsson.sport\/es\/wp-json\/wp\/v2\/comments?post=8640"}],"version-history":[{"count":0,"href":"https:\/\/betsson.sport\/es\/wp-json\/wp\/v2\/posts\/8640\/revisions"}],"wp:featuredmedia":[{"embeddable":true,"href":"https:\/\/betsson.sport\/es\/wp-json\/wp\/v2\/media\/8642"}],"wp:attachment":[{"href":"https:\/\/betsson.sport\/es\/wp-json\/wp\/v2\/media?parent=8640"}],"wp:term":[{"taxonomy":"category","embeddable":true,"href":"https:\/\/betsson.sport\/es\/wp-json\/wp\/v2\/categories?post=8640"},{"taxonomy":"post_tag","embeddable":true,"href":"https:\/\/betsson.sport\/es\/wp-json\/wp\/v2\/tags?post=8640"},{"taxonomy":"label","embeddable":true,"href":"https:\/\/betsson.sport\/es\/wp-json\/wp\/v2\/label?post=8640"},{"taxonomy":"country","embeddable":true,"href":"https:\/\/betsson.sport\/es\/wp-json\/wp\/v2\/country?post=8640"}],"curies":[{"name":"wp","href":"https:\/\/api.w.org\/{rel}","templated":true}]}}