{"id":8643,"date":"2026-03-12T20:44:49","date_gmt":"2026-03-12T23:44:49","guid":{"rendered":"https:\/\/betsson.sport\/es\/?p=8643"},"modified":"2026-03-12T20:44:51","modified_gmt":"2026-03-12T23:44:51","slug":"isaac-del-toro-pierde-el-liderato-pero-sigue-segundo-y-en-plena-pelea-en-el-tirreno-adriatico","status":"publish","type":"post","link":"https:\/\/betsson.sport\/es\/noticias\/mas-deportes\/isaac-del-toro-pierde-el-liderato-pero-sigue-segundo-y-en-plena-pelea-en-el-tirreno-adriatico\/","title":{"rendered":"Isaac del Toro pierde el liderato, pero sigue segundo y en plena pelea en el Tirreno-Adri\u00e1tico"},"content":{"rendered":"\n<p>Mathieu van der Poel fue el m\u00e1s r\u00e1pido del d\u00eda. El neerland\u00e9s se movi\u00f3 bien dentro de un grupo reducido y, cuando lleg\u00f3 el momento decisivo, sac\u00f3 el sprint justo para quedarse con la victoria. Eso s\u00ed, ganar la etapa no le alcanz\u00f3 para vestirse de l\u00edder.<\/p>\n\n\n\n<p>El final fue movido. A falta de un kil\u00f3metro, Jan Christen prob\u00f3 con un ataque que oblig\u00f3 a reaccionar al resto. Wout van Aert sali\u00f3 a su rueda y por un momento pareci\u00f3 que el cierre iba a definirse entre ellos dos. Pero Van der Poel ven\u00eda atento, bien colocado, esperando su oportunidad. Cuando lanz\u00f3 su aceleraci\u00f3n, ya fue demasiado tarde para los dem\u00e1s.<\/p>\n\n\n\n<p>Detr\u00e1s de \u00e9l cruzaron la meta Giulio Pellizzari y Tobias Halland Johannessen, que completaron el podio de la jornada.<\/p>\n\n\n\n<p>En cuanto a la general, el nuevo l\u00edder es Pellizzari, que ahora porta la maglia azul. Su ventaja, eso s\u00ed, es m\u00ednima: apenas dos segundos sobre Isaac del Toro. El mexicano termin\u00f3 d\u00e9cimo en la etapa y perdi\u00f3 el liderato por muy poco, as\u00ed que sigue completamente metido en la pelea.<\/p>\n\n\n\n<p>M\u00e1s atr\u00e1s aparecen Primo\u017e Rogli\u010d, a 21 segundos, y Matteo Jorgenson, a 34. Todav\u00eda queda bastante carrera por delante, as\u00ed que nada est\u00e1 decidido.<\/p>\n","protected":false},"excerpt":{"rendered":"<p>La etapa 4 del Tirreno\u2011Adri\u00e1tico, disputada este jueves 12 de marzo, dej\u00f3 bastante de qu\u00e9 hablar. Fue una jornada intensa, muy peleada, que se resolvi\u00f3 reci\u00e9n en los metros finales y que adem\u00e1s cambi\u00f3 al l\u00edder de la clasificaci\u00f3n general.<\/p>\n","protected":false},"author":20,"featured_media":8644,"comment_status":"closed","ping_status":"closed","sticky":false,"template":"","format":"standard","meta":{"_acf_changed":false,"footnotes":""},"categories":[155],"tags":[368,367,2558],"label":[],"country":[1477],"class_list":["post-8643","post","type-post","status-publish","format-standard","has-post-thumbnail","hentry","category-mas-deportes","tag-ciclismo","tag-isaac-del-toro","tag-tirreno-adriatico","country-mexico"],"acf":[],"_links":{"self":[{"href":"https:\/\/betsson.sport\/es\/wp-json\/wp\/v2\/posts\/8643","targetHints":{"allow":["GET"]}}],"collection":[{"href":"https:\/\/betsson.sport\/es\/wp-json\/wp\/v2\/posts"}],"about":[{"href":"https:\/\/betsson.sport\/es\/wp-json\/wp\/v2\/types\/post"}],"author":[{"embeddable":true,"href":"https:\/\/betsson.sport\/es\/wp-json\/wp\/v2\/users\/20"}],"replies":[{"embeddable":true,"href":"https:\/\/betsson.sport\/es\/wp-json\/wp\/v2\/comments?post=8643"}],"version-history":[{"count":0,"href":"https:\/\/betsson.sport\/es\/wp-json\/wp\/v2\/posts\/8643\/revisions"}],"wp:featuredmedia":[{"embeddable":true,"href":"https:\/\/betsson.sport\/es\/wp-json\/wp\/v2\/media\/8644"}],"wp:attachment":[{"href":"https:\/\/betsson.sport\/es\/wp-json\/wp\/v2\/media?parent=8643"}],"wp:term":[{"taxonomy":"category","embeddable":true,"href":"https:\/\/betsson.sport\/es\/wp-json\/wp\/v2\/categories?post=8643"},{"taxonomy":"post_tag","embeddable":true,"href":"https:\/\/betsson.sport\/es\/wp-json\/wp\/v2\/tags?post=8643"},{"taxonomy":"label","embeddable":true,"href":"https:\/\/betsson.sport\/es\/wp-json\/wp\/v2\/label?post=8643"},{"taxonomy":"country","embeddable":true,"href":"https:\/\/betsson.sport\/es\/wp-json\/wp\/v2\/country?post=8643"}],"curies":[{"name":"wp","href":"https:\/\/api.w.org\/{rel}","templated":true}]}}