{"id":8654,"date":"2026-03-12T23:49:48","date_gmt":"2026-03-13T02:49:48","guid":{"rendered":"https:\/\/betsson.sport\/es\/?p=8654"},"modified":"2026-03-13T02:32:02","modified_gmt":"2026-03-13T05:32:02","slug":"medellin-derroto-a-juventud-y-clasifico-a-la-fase-de-grupos-de-la-libertadores","status":"publish","type":"post","link":"https:\/\/betsson.sport\/es\/noticias\/futbol\/copa-libertadores\/medellin-derroto-a-juventud-y-clasifico-a-la-fase-de-grupos-de-la-libertadores\/","title":{"rendered":"Medell\u00edn derrot\u00f3 a Juventud y clasific\u00f3 a la fase de grupos de la Libertadores"},"content":{"rendered":"\n<p>Independiente Medell\u00edn derrot\u00f3 2-1 a Juventud de Las Piedras este jueves en el estadio Atanasio Girardot por la vuelta de la tercera etapa de la Copa Libertadores. Con este resultado, el conjunto colombiano se qued\u00f3 con la serie por 3-2 en el marcador global y sell\u00f3 su clasificaci\u00f3n a la fase de grupos del torneo, instancia a la que no acced\u00eda desde 2023.<\/p>\n\n\n\n<p>El encuentro comenz\u00f3 con intensidad y el equipo local golpe\u00f3 primero. A los 11 minutos, Hayen Palacios se elev\u00f3 en el \u00e1rea y, con un certero cabezazo, rompi\u00f3 el cero. El defensor apareci\u00f3 en la primera jugada clara dentro del \u00e1rea y adelant\u00f3 a los suyos en el marcador.<\/p>\n\n\n\n<p>La reacci\u00f3n visitante no tard\u00f3 en llegar. A los 21 minutos, Federico Barrandeguy ejecut\u00f3 un tiro libre con gran precisi\u00f3n y coloc\u00f3 el bal\u00f3n en el \u00e1ngulo, firmando el empate con un remate impecable del lateral, que se convirti\u00f3 en uno de los protagonistas del partido.<\/p>\n\n\n\n<p>El tr\u00e1mite del encuentro comenz\u00f3 a complicarse por el clima. La lluvia empez\u00f3 a pasar factura y el agua acumulada en el campo distorsion\u00f3 el juego. Cada control de bal\u00f3n se volvi\u00f3 m\u00e1s complejo y el ritmo del partido se vio afectado por las condiciones del terreno.<\/p>\n\n\n\n<p>Pese a ese contexto, el local intent\u00f3 acelerar antes del descanso. El Rojo busc\u00f3 el segundo gol con insistencia, aunque el campo encharcado termin\u00f3 frenando cada intento de ataque. La lluvia tambi\u00e9n jugaba su propio partido en el Atanasio.<\/p>\n\n\n\n<p>En la segunda mitad, la primera aproximaci\u00f3n clara fue del conjunto uruguayo. A los 50 minutos, Agust\u00edn Alaniz prob\u00f3 desde larga distancia, pero su remate no encontr\u00f3 la porter\u00eda defendida por Salvador Ichazo.<\/p>\n\n\n\n<p>Cinco minutos despu\u00e9s, Jos\u00e9 Ortiz cometi\u00f3 una falta innecesaria cerca del \u00e1rea y le regal\u00f3 una pelota peligrosa al rival, que ya hab\u00eda marcado el empate desde una posici\u00f3n similar en el primer tiempo. Sin embargo, el peligro no pas\u00f3 a mayores.<\/p>\n\n\n\n<p>A los 63 minutos, el \u00e1rbitro detuvo el juego por un chequeo del VAR tras una posible mano en el \u00e1rea. La revisi\u00f3n indic\u00f3 que el autor del gol visitante se llev\u00f3 la pelota con la mano, pero finalmente se determin\u00f3 que no hab\u00eda penal y el partido continu\u00f3.<\/p>\n\n\n\n<p>El anfitri\u00f3n volvi\u00f3 a acercarse con peligro poco despu\u00e9s. A los 66 minutos, Enzo Larrosa sac\u00f3 un potente remate que termin\u00f3 estrell\u00e1ndose en el vertical, lo que evit\u00f3 el segundo gol con el arquero ya vencido.<\/p>\n\n\n\n<p>La respuesta del conjunto uruguayo fue inmediata. A los 67 minutos, Ichazo protagoniz\u00f3 una intervenci\u00f3n decisiva al ganarle el duelo al delantero que hab\u00eda quedado con tiempo y espacio tras una pelota filtrada entre los defensas.<\/p>\n\n\n\n<p>Cuando el partido se encaminaba hacia el final, lleg\u00f3 el golpe decisivo. A los 83 minutos, Francisco Fydriszewski se elev\u00f3 en el \u00e1rea, gan\u00f3 en el juego a\u00e9reo y con un cabezazo letal desat\u00f3 la locura en el Atanasio tras escapar de su marca.<\/p>\n\n\n\n<p>En la recta final, los Canarios quedaron en desventaja num\u00e9rica. A los 90 minutos, Ramiro Peralta fue expulsado, una situaci\u00f3n que termin\u00f3 inclinando definitivamente la balanza a favor del conjunto colombiano, que asegur\u00f3 su clasificaci\u00f3n a la fase de grupos del torneo continental.<\/p>\n\n\n\n<p><\/p>\n\n\n\n<p>&nbsp;<\/p>\n","protected":false},"excerpt":{"rendered":"<p>El Poderoso de la Monta\u00f1a encontr\u00f3 la diferencia en los minutos finales pese a la fuerte resistencia del rival.<\/p>\n","protected":false},"author":23,"featured_media":8655,"comment_status":"closed","ping_status":"closed","sticky":false,"template":"","format":"standard","meta":{"_acf_changed":false,"footnotes":""},"categories":[156],"tags":[360,306,737,2566],"label":[],"country":[1476],"class_list":["post-8654","post","type-post","status-publish","format-standard","has-post-thumbnail","hentry","category-copa-libertadores","tag-copa-libertadores","tag-futbol-colombiano","tag-independiente-medellin-2","tag-juventud","country-colombia"],"acf":[],"_links":{"self":[{"href":"https:\/\/betsson.sport\/es\/wp-json\/wp\/v2\/posts\/8654","targetHints":{"allow":["GET"]}}],"collection":[{"href":"https:\/\/betsson.sport\/es\/wp-json\/wp\/v2\/posts"}],"about":[{"href":"https:\/\/betsson.sport\/es\/wp-json\/wp\/v2\/types\/post"}],"author":[{"embeddable":true,"href":"https:\/\/betsson.sport\/es\/wp-json\/wp\/v2\/users\/23"}],"replies":[{"embeddable":true,"href":"https:\/\/betsson.sport\/es\/wp-json\/wp\/v2\/comments?post=8654"}],"version-history":[{"count":0,"href":"https:\/\/betsson.sport\/es\/wp-json\/wp\/v2\/posts\/8654\/revisions"}],"wp:featuredmedia":[{"embeddable":true,"href":"https:\/\/betsson.sport\/es\/wp-json\/wp\/v2\/media\/8655"}],"wp:attachment":[{"href":"https:\/\/betsson.sport\/es\/wp-json\/wp\/v2\/media?parent=8654"}],"wp:term":[{"taxonomy":"category","embeddable":true,"href":"https:\/\/betsson.sport\/es\/wp-json\/wp\/v2\/categories?post=8654"},{"taxonomy":"post_tag","embeddable":true,"href":"https:\/\/betsson.sport\/es\/wp-json\/wp\/v2\/tags?post=8654"},{"taxonomy":"label","embeddable":true,"href":"https:\/\/betsson.sport\/es\/wp-json\/wp\/v2\/label?post=8654"},{"taxonomy":"country","embeddable":true,"href":"https:\/\/betsson.sport\/es\/wp-json\/wp\/v2\/country?post=8654"}],"curies":[{"name":"wp","href":"https:\/\/api.w.org\/{rel}","templated":true}]}}