{"id":8678,"date":"2026-03-13T19:50:43","date_gmt":"2026-03-13T22:50:43","guid":{"rendered":"https:\/\/betsson.sport\/es\/?p=8678"},"modified":"2026-03-13T19:54:33","modified_gmt":"2026-03-13T22:54:33","slug":"jairo-concha-esto-fue-muy-bajo-se-ha-marcado-un-precedente","status":"publish","type":"post","link":"https:\/\/betsson.sport\/es\/noticias\/futbol\/liga-1-peru\/jairo-concha-esto-fue-muy-bajo-se-ha-marcado-un-precedente\/","title":{"rendered":"Jairo Concha: \"Esto fue muy bajo, se ha marcado un precedente\""},"content":{"rendered":"\n<p>El volante de Universitario de Deportes explot\u00f3 contra la sanci\u00f3n de dos fechas impuesta por la Comisi\u00f3n Disciplinaria de la Liga 1 por los hechos ocurridos en el Estadio Alberto Gallardo tras el partido ante Sporting Cristal.<\/p>\n\n\n\n<p>Dos semanas despu\u00e9s de la denuncia presentada por Alianza Lima ante la Comisi\u00f3n Disciplinaria de la Liga1, Universitario recibi\u00f3 la notificaci\u00f3n con los castigos de cuatro fechas de suspensi\u00f3n para el entrenador Javier Rabanal y dos fechas para Jairo Concha. <\/p>\n\n\n\n<p>El \u00e1rea legal de la U presentar\u00e1 la apelaci\u00f3n en las pr\u00f3ximas horas, en tanto, Concha no podr\u00e1 estar ante UTC este s\u00e1bado en el Monumental, ni ante Comerciantes Unidos en la fecha 8 y reaparecer\u00e1 en el cl\u00e1sico programado para el 4 de abril en Ate. El t\u00e9cnico Javier Rabanal, quien adem\u00e1s viene siendo fuertemente cuestionado por la hinchada, reci\u00e9n podr\u00e1 dirigir desde el banco en la jornada 11. <\/p>\n\n\n\n<p>Jairo Concha no se qued\u00f3 callado y dio su descargo a trav\u00e9s de las redes del club crema: \u201cMe parece muy injusta la sanci\u00f3n. No han tenido en cuenta todo lo que ha pasado. Termin\u00f3 el partido, nos dirigimos al camerino y una tribuna de familiares<strong>\u00a0<\/strong>se dirigen a mi persona con insultos que se metieron con mi hijo.\u00a0Es obvio que yo voy a salir a defenderlo. No puedo no defender a un ni\u00f1o que es menor de edad. No me arrepiento\".<br><br>El jugador de la U asegur\u00f3 que este castigo abre un puerta donde todos los equipos pueden buscar sanciones en partidos donde no participaron: \"Nunca me met\u00ed con un hincha, es parte del f\u00fatbol, esto fue muy bajo. Se ha marcado un precedente que cualquiera se puede meter\u201d. <\/p>\n\n\n\n<figure class=\"wp-block-image size-large\"><img decoding=\"async\" width=\"1024\" height=\"682\" src=\"https:\/\/betsson.sport\/es\/wp-content\/uploads\/2026\/03\/sdl56jdXPxcxUM-nh-1024x682.jpg\" alt=\"\" class=\"wp-image-8681\" srcset=\"https:\/\/betsson.sport\/es\/wp-content\/uploads\/2026\/03\/sdl56jdXPxcxUM-nh-1024x682.jpg 1024w, https:\/\/betsson.sport\/es\/wp-content\/uploads\/2026\/03\/sdl56jdXPxcxUM-nh-420x280.jpg 420w, https:\/\/betsson.sport\/es\/wp-content\/uploads\/2026\/03\/sdl56jdXPxcxUM-nh-768x512.jpg 768w, https:\/\/betsson.sport\/es\/wp-content\/uploads\/2026\/03\/sdl56jdXPxcxUM-nh-1536x1024.jpg 1536w, https:\/\/betsson.sport\/es\/wp-content\/uploads\/2026\/03\/sdl56jdXPxcxUM-nh-2048x1365.jpg 2048w, https:\/\/betsson.sport\/es\/wp-content\/uploads\/2026\/03\/sdl56jdXPxcxUM-nh-540x360.jpg 540w\" sizes=\"(max-width: 1024px) 100vw, 1024px\" \/><figcaption class=\"wp-element-caption\">(Photo by Miguel Marruffo \/ PRESSINPHOTO)<\/figcaption><\/figure>\n\n\n\n<p>Ante UTC, el lugar de Jairo Concha podr\u00eda ser tomado por Horacio Calcaterra o por el brasile\u00f1o Javier Silveira. El resto de jugadores ser\u00edan los mismos que salieron ante Los Chankas: Diego Romero; Ca\u00edn Fara, Williams Riveros, Anderson Santamar\u00eda; Andy Polo, Mart\u00edn P\u00e9rez Guedes, Jes\u00fas Castillo, Calcaterra o Silveira, Jos\u00e9 Carabal\u00ed; Lisandro Azulgaray, \u00c1lex Valera. <\/p>\n\n\n\n<p><\/p>\n","protected":false},"excerpt":{"rendered":"<p>El jugador de Universitario no se qued\u00f3 callado y reaccion\u00f3 a la sanci\u00f3n de dos fechas impuesta por la Comisi\u00f3n Disciplinaria de la Liga1. Concha explic\u00f3 los hechos que originaron la denuncia y sostuvo que el castigo podr\u00eda marcar un precedente en el f\u00fatbol peruano.<\/p>\n","protected":false},"author":28,"featured_media":8682,"comment_status":"closed","ping_status":"closed","sticky":true,"template":"","format":"standard","meta":{"_acf_changed":true,"footnotes":""},"categories":[1780],"tags":[206,643,1571,224,110,204,267],"label":[],"country":[1479],"class_list":["post-8678","post","type-post","status-publish","format-standard","has-post-thumbnail","hentry","category-liga-1-peru","tag-futbol-peruano","tag-jairo-concha","tag-javier-rabanal","tag-liga-1-peru","tag-universitario","tag-universitario-de-deportes","tag-utc","country-peru"],"acf":[],"_links":{"self":[{"href":"https:\/\/betsson.sport\/es\/wp-json\/wp\/v2\/posts\/8678","targetHints":{"allow":["GET"]}}],"collection":[{"href":"https:\/\/betsson.sport\/es\/wp-json\/wp\/v2\/posts"}],"about":[{"href":"https:\/\/betsson.sport\/es\/wp-json\/wp\/v2\/types\/post"}],"author":[{"embeddable":true,"href":"https:\/\/betsson.sport\/es\/wp-json\/wp\/v2\/users\/28"}],"replies":[{"embeddable":true,"href":"https:\/\/betsson.sport\/es\/wp-json\/wp\/v2\/comments?post=8678"}],"version-history":[{"count":0,"href":"https:\/\/betsson.sport\/es\/wp-json\/wp\/v2\/posts\/8678\/revisions"}],"wp:featuredmedia":[{"embeddable":true,"href":"https:\/\/betsson.sport\/es\/wp-json\/wp\/v2\/media\/8682"}],"wp:attachment":[{"href":"https:\/\/betsson.sport\/es\/wp-json\/wp\/v2\/media?parent=8678"}],"wp:term":[{"taxonomy":"category","embeddable":true,"href":"https:\/\/betsson.sport\/es\/wp-json\/wp\/v2\/categories?post=8678"},{"taxonomy":"post_tag","embeddable":true,"href":"https:\/\/betsson.sport\/es\/wp-json\/wp\/v2\/tags?post=8678"},{"taxonomy":"label","embeddable":true,"href":"https:\/\/betsson.sport\/es\/wp-json\/wp\/v2\/label?post=8678"},{"taxonomy":"country","embeddable":true,"href":"https:\/\/betsson.sport\/es\/wp-json\/wp\/v2\/country?post=8678"}],"curies":[{"name":"wp","href":"https:\/\/api.w.org\/{rel}","templated":true}]}}