{"id":8686,"date":"2026-03-13T20:41:28","date_gmt":"2026-03-13T23:41:28","guid":{"rendered":"https:\/\/betsson.sport\/es\/?p=8686"},"modified":"2026-03-13T23:48:10","modified_gmt":"2026-03-14T02:48:10","slug":"juan-manuel-iturbe-se-sincera-tras-su-lesion-tengo-mucha-frustracion-y-tristeza","status":"publish","type":"post","link":"https:\/\/betsson.sport\/es\/noticias\/futbol\/copa-primera-paraguay\/juan-manuel-iturbe-se-sincera-tras-su-lesion-tengo-mucha-frustracion-y-tristeza\/","title":{"rendered":"Juan Manuel Iturbe se sincera tras su lesi\u00f3n: \u201cTengo mucha frustraci\u00f3n y tristeza\u201d"},"content":{"rendered":"\n<p>La preparaci\u00f3n de\u00a0Cerro Porte\u00f1o\u00a0para su pr\u00f3ximo compromiso sufri\u00f3 un contratiempo inesperado luego de que\u00a0Juan Manuel Iturbe\u00a0sintiera una molestia muscular durante la pr\u00e1ctica del equipo. El delantero tuvo que abandonar el entrenamiento y su presencia en el duelo ante\u00a0Sportivo Trinidense\u00a0qued\u00f3 en duda.<\/p>\n\n\n\n<p>Tras someterse a los estudios m\u00e9dicos, el atacante habl\u00f3 con la prensa al salir del sanatorio y relat\u00f3 c\u00f3mo se produjo la acci\u00f3n que desencaden\u00f3 el problema f\u00edsico: \u201cQuise hacer un pase y all\u00ed fue cuando sent\u00ed esa molestia. Si lo hac\u00eda con un sprint o una velocidad relativamente alta capaz que dec\u00eda, pero fue dando un pase\u201d.<\/p>\n\n\n\n<p>El futbolista tambi\u00e9n explic\u00f3 que no hab\u00eda se\u00f1ales previas que anticiparan la lesi\u00f3n y destac\u00f3 el trabajo preventivo que realiza el plantel junto al cuerpo m\u00e9dico del club: \u201cNo sabr\u00eda que decir, porque nosotros en la semana trabajamos bastante bien, siempre estamos en contacto con el \u00e1rea de staff m\u00e9dico y fisiolog\u00eda, para que cada jugador sepa c\u00f3mo se siente\u201d.<\/p>\n\n\n\n<p>\u201cEso se va previendo, si siente alguna molestia no entrena, no hace esto, no hace lo otro. Pero fue bastante raro, porque ven\u00eda bastante bien, en la semana no tuve ninguna complicaci\u00f3n en nada de eso y fue rar\u00edsimo\u201d, argument\u00f3.<\/p>\n\n\n\n<p>La situaci\u00f3n gener\u00f3 preocupaci\u00f3n en el entorno del equipo, especialmente por la cercan\u00eda del partido liguero. El atacante no ocult\u00f3 su decepci\u00f3n ante la posibilidad de perderse un encuentro importante para el conjunto azulgrana.<\/p>\n\n\n\n<p>El propio jugador reconoci\u00f3 el impacto an\u00edmico que le provoc\u00f3 la lesi\u00f3n: \u201cTengo mucha frustraci\u00f3n y tristeza porque nosotros tenemos ma\u00f1ana un grand\u00edsimo partido, y que me haya pasado en un entrenamiento duele a\u00fan m\u00e1s. Me siento devastado; los d\u00edas de ausencia no los s\u00e9, eso me los dar\u00e1n los doctores para poder ver qu\u00e9 tan grave es la lesi\u00f3n\u201d.<\/p>\n\n\n\n<p>La posible baja del delantero ser\u00eda significativa para el equipo en este tramo de la temporada. En lo que va del a\u00f1o ha disputado siete partidos, en los que suma tres goles y una asistencia. Su anotaci\u00f3n m\u00e1s reciente fue el 1 de marzo, cuando marc\u00f3 en la victoria 2-0 frente a Recoleta.<\/p>\n","protected":false},"excerpt":{"rendered":"<p>El delantero encendi\u00f3 las alarmas en Cerro Porte\u00f1o tras sufrir una molestia muscular durante un entrenamiento.<\/p>\n","protected":false},"author":23,"featured_media":8687,"comment_status":"closed","ping_status":"closed","sticky":false,"template":"","format":"standard","meta":{"_acf_changed":false,"footnotes":""},"categories":[1796],"tags":[159,243,1301,266],"label":[],"country":[1478],"class_list":["post-8686","post","type-post","status-publish","format-standard","has-post-thumbnail","hentry","category-copa-primera-paraguay","tag-cerro-porteno","tag-futbol-paraguayo","tag-juan-manuel-iturbe","tag-liga-paraguaya","country-paraguay"],"acf":[],"_links":{"self":[{"href":"https:\/\/betsson.sport\/es\/wp-json\/wp\/v2\/posts\/8686","targetHints":{"allow":["GET"]}}],"collection":[{"href":"https:\/\/betsson.sport\/es\/wp-json\/wp\/v2\/posts"}],"about":[{"href":"https:\/\/betsson.sport\/es\/wp-json\/wp\/v2\/types\/post"}],"author":[{"embeddable":true,"href":"https:\/\/betsson.sport\/es\/wp-json\/wp\/v2\/users\/23"}],"replies":[{"embeddable":true,"href":"https:\/\/betsson.sport\/es\/wp-json\/wp\/v2\/comments?post=8686"}],"version-history":[{"count":0,"href":"https:\/\/betsson.sport\/es\/wp-json\/wp\/v2\/posts\/8686\/revisions"}],"wp:featuredmedia":[{"embeddable":true,"href":"https:\/\/betsson.sport\/es\/wp-json\/wp\/v2\/media\/8687"}],"wp:attachment":[{"href":"https:\/\/betsson.sport\/es\/wp-json\/wp\/v2\/media?parent=8686"}],"wp:term":[{"taxonomy":"category","embeddable":true,"href":"https:\/\/betsson.sport\/es\/wp-json\/wp\/v2\/categories?post=8686"},{"taxonomy":"post_tag","embeddable":true,"href":"https:\/\/betsson.sport\/es\/wp-json\/wp\/v2\/tags?post=8686"},{"taxonomy":"label","embeddable":true,"href":"https:\/\/betsson.sport\/es\/wp-json\/wp\/v2\/label?post=8686"},{"taxonomy":"country","embeddable":true,"href":"https:\/\/betsson.sport\/es\/wp-json\/wp\/v2\/country?post=8686"}],"curies":[{"name":"wp","href":"https:\/\/api.w.org\/{rel}","templated":true}]}}