{"id":8719,"date":"2026-03-14T22:20:24","date_gmt":"2026-03-15T01:20:24","guid":{"rendered":"https:\/\/betsson.sport\/es\/?p=8719"},"modified":"2026-03-14T22:20:25","modified_gmt":"2026-03-15T01:20:25","slug":"dudamel-tras-su-debut-ganador-con-el-cali-este-triunfo-es-todo-de-los-jugadores","status":"publish","type":"post","link":"https:\/\/betsson.sport\/es\/noticias\/futbol\/liga-colombia\/dudamel-tras-su-debut-ganador-con-el-cali-este-triunfo-es-todo-de-los-jugadores\/","title":{"rendered":"Dudamel tras su debut ganador con el Cali: \u201cEste triunfo es todo de los jugadores\u201d"},"content":{"rendered":"\n<p>El Deportivo Cali visit\u00f3 a C\u00facuta Deportivo en un partido marcado por el debut de Rafael Dudamel como nuevo entrenador del conjunto azucarero. Tras la salida de Alberto Gamero, el equipo necesitaba reaccionar para no perder terreno en la pelea por el grupo de los ocho.<\/p>\n\n\n\n<p>En la cancha, el Cali respondi\u00f3 con una victoria 2-0 como visitante. El partido se defini\u00f3 con un doblete de Avil\u00e9s Hurtado, figura del compromiso. Tras el triunfo en su estreno, el t\u00e9cnico venezolano destac\u00f3 la importancia del resultado por el contexto del equipo y valor\u00f3 la reacci\u00f3n del plantel en un partido que lleg\u00f3 apenas d\u00edas despu\u00e9s de su llegada al club.<\/p>\n\n\n\n<figure class=\"wp-block-image size-large\"><img decoding=\"async\" width=\"1080\" height=\"608\" src=\"https:\/\/betsson.sport\/es\/wp-content\/uploads\/2026\/03\/SaveClip.App_650389899_18568390978037524_2589090502351519511_n1-edited.jpg\" alt=\"\" class=\"wp-image-8723\" srcset=\"https:\/\/betsson.sport\/es\/wp-content\/uploads\/2026\/03\/SaveClip.App_650389899_18568390978037524_2589090502351519511_n1-edited.jpg 1080w, https:\/\/betsson.sport\/es\/wp-content\/uploads\/2026\/03\/SaveClip.App_650389899_18568390978037524_2589090502351519511_n1-edited-420x236.jpg 420w, https:\/\/betsson.sport\/es\/wp-content\/uploads\/2026\/03\/SaveClip.App_650389899_18568390978037524_2589090502351519511_n1-edited-1024x576.jpg 1024w, https:\/\/betsson.sport\/es\/wp-content\/uploads\/2026\/03\/SaveClip.App_650389899_18568390978037524_2589090502351519511_n1-edited-768x432.jpg 768w, https:\/\/betsson.sport\/es\/wp-content\/uploads\/2026\/03\/SaveClip.App_650389899_18568390978037524_2589090502351519511_n1-edited-640x360.jpg 640w\" sizes=\"(max-width: 1080px) 100vw, 1080px\" \/><figcaption class=\"wp-element-caption\">Foto v\u00eda Instagram Oficial del Deportivo Cali. <\/figcaption><\/figure>\n\n\n\n<p>\u201cEra dif\u00edcil un compromiso tan cercano a nuestra llegada. Sab\u00edamos que era un partido vital para todo nuestro entorno y para nuestra tranquilidad. Hoy, logrando el triunfo, todo esto se va a ver reflejado en confianza y en un plantel que vamos a trabajar diariamente para convertirlo cada d\u00eda m\u00e1s en un gran equipo\u201d.<\/p>\n\n\n\n<p>El t\u00e9cnico venezolano tambi\u00e9n resalt\u00f3 la calidad del grupo y agradeci\u00f3 el esfuerzo de sus futbolistas:<\/p>\n\n\n\n<p>\u201cNo tengo la menor duda de la calidad y la capacidad de mis futbolistas. Por eso aceptamos este reto. <strong>Este triunfo es todo de ellos<\/strong>: por su voluntad, por su orgullo y por sus deseos de triunfar. En tres d\u00edas es muy poco lo que hemos podido hacer, pero lo han entendido bien y con esas ganas de ganar lo hemos sacado adelante\u201d.<\/p>\n\n\n\n<p>El pr\u00f3ximo partido del Deportivo Cali ser\u00e1 como local ante Independiente Santa Fe este 18 de marzo (20:30) en el estadio de Palmaseca.<\/p>\n","protected":false},"excerpt":{"rendered":"<p>El equipo cale\u00f1o sum\u00f3 tres puntos importantes que lo acercan al grupo de los ocho. <\/p>\n","protected":false},"author":22,"featured_media":8720,"comment_status":"closed","ping_status":"closed","sticky":false,"template":"","format":"standard","meta":{"_acf_changed":true,"footnotes":""},"categories":[1791],"tags":[60,2181,604,2582],"label":[],"country":[1476],"class_list":["post-8719","post","type-post","status-publish","format-standard","has-post-thumbnail","hentry","category-liga-colombia","tag-colombia","tag-cucuta-deportivo","tag-deportivo-cali","tag-rafael-dudamel","country-colombia"],"acf":[],"_links":{"self":[{"href":"https:\/\/betsson.sport\/es\/wp-json\/wp\/v2\/posts\/8719","targetHints":{"allow":["GET"]}}],"collection":[{"href":"https:\/\/betsson.sport\/es\/wp-json\/wp\/v2\/posts"}],"about":[{"href":"https:\/\/betsson.sport\/es\/wp-json\/wp\/v2\/types\/post"}],"author":[{"embeddable":true,"href":"https:\/\/betsson.sport\/es\/wp-json\/wp\/v2\/users\/22"}],"replies":[{"embeddable":true,"href":"https:\/\/betsson.sport\/es\/wp-json\/wp\/v2\/comments?post=8719"}],"version-history":[{"count":0,"href":"https:\/\/betsson.sport\/es\/wp-json\/wp\/v2\/posts\/8719\/revisions"}],"wp:featuredmedia":[{"embeddable":true,"href":"https:\/\/betsson.sport\/es\/wp-json\/wp\/v2\/media\/8720"}],"wp:attachment":[{"href":"https:\/\/betsson.sport\/es\/wp-json\/wp\/v2\/media?parent=8719"}],"wp:term":[{"taxonomy":"category","embeddable":true,"href":"https:\/\/betsson.sport\/es\/wp-json\/wp\/v2\/categories?post=8719"},{"taxonomy":"post_tag","embeddable":true,"href":"https:\/\/betsson.sport\/es\/wp-json\/wp\/v2\/tags?post=8719"},{"taxonomy":"label","embeddable":true,"href":"https:\/\/betsson.sport\/es\/wp-json\/wp\/v2\/label?post=8719"},{"taxonomy":"country","embeddable":true,"href":"https:\/\/betsson.sport\/es\/wp-json\/wp\/v2\/country?post=8719"}],"curies":[{"name":"wp","href":"https:\/\/api.w.org\/{rel}","templated":true}]}}