{"id":8739,"date":"2026-03-15T13:19:40","date_gmt":"2026-03-15T16:19:40","guid":{"rendered":"https:\/\/betsson.sport\/es\/?p=8739"},"modified":"2026-03-15T14:14:41","modified_gmt":"2026-03-15T17:14:41","slug":"oficial-la-finalissima-entre-argentina-y-espana-queda-cancelada","status":"publish","type":"post","link":"https:\/\/betsson.sport\/es\/noticias\/futbol\/mundial\/oficial-la-finalissima-entre-argentina-y-espana-queda-cancelada\/","title":{"rendered":"OFICIAL: La Finalissima entre Argentina y Espa\u00f1a queda cancelada"},"content":{"rendered":"\n<p>La UEFA ha confirmado la cancelaci\u00f3n de la Finalissima\u00a0entre Argentina y Espa\u00f1a debido al conflicto en Oriente Medio. La campeona de Europa, Espa\u00f1a, y la \u00faltima ganadora de la Copa Am\u00e9rica, Argentina, deb\u00edan enfrentarse en el Estadio Lusail de Qatar el 27 de marzo, pero el partido no se realizar\u00e1.<\/p>\n\n\n\n<p>Este aplazamiento se suma al&nbsp;de otro evento deportivo en la regi\u00f3n: la F\u00f3rmula 1 que tampoco podr\u00e1n desarrollarse los&nbsp;Grandes Premios de Bar\u00e9in y Arabia Saudita.<\/p>\n\n\n\n<p>El ente rector del f\u00fatbol europeo y la CONMEBOL hab\u00edan explorado alternativas, como la propuesta de celebrar este gran choque en el Estadio Santiago Bernab\u00e9u del Real Madrid o una eliminatoria a doble partido en la capital espa\u00f1ola y Buenos Aires, ambas rechazadas por la Albiceleste.<\/p>\n\n\n\n<p>\"Con gran pesar confirmamos la cancelaci\u00f3n de la Finalissima 2026, debido a circunstancias y limitaciones de calendario que imposibilitaron su reprogramaci\u00f3n\", comentaron desde las redes sociales de la UEFA.<\/p>\n\n\n\n<p>\"Tras intensas conversaciones entre la UEFA y las autoridades organizadoras en Qatar, se anuncia hoy que, debido a la actual situaci\u00f3n pol\u00edtica en la regi\u00f3n, la Final\u00edsima no podr\u00e1 disputarse en Qatar como estaba previsto\", agregaron.<\/p>\n\n\n\n<p>El mencionado organismo estudi\u00f3 otras chances viables para que fueran sede del duelo entre campeones continentales, pero todas resultaron inaceptables para la Asociaci\u00f3n del F\u00fatbol Argentino.<\/p>\n\n\n\n<p>La primera opci\u00f3n consist\u00eda en disputar el partido en el Bernab\u00e9u de Madrid en la fecha original, con una distribuci\u00f3n equitativa de la afici\u00f3n en el estadio. Esto habr\u00eda proporcionado un escenario de primer nivel, digno de un evento tan prestigioso, pero desde la instituci\u00f3n que preside Claudio Chiqui Tapia lo desestimaron.<\/p>\n\n\n\n<p>La segunda alternativa era disputar la Final\u00edsima a doble partido: uno en el Bernab\u00e9u el 27 de marzo y el otro en Buenos Aires durante una fecha FIFA previa a la UEFA EURO y la Copa Am\u00e9rica 2028, ofreciendo tambi\u00e9n un reparto equilibrado de la afici\u00f3n para el partido en Madrid. Esta tambi\u00e9n fue rechazada.<\/p>\n\n\n\n<p>En \u00faltima instancia, la UEFA solicit\u00f3 a Argentina el compromiso de que, si se encontraba una sede neutral en Europa, el partido podr\u00eda disputarse el 27 de marzo, como estaba previsto, o en la fecha alternativa del 30 de marzo. Esta propuesta tambi\u00e9n fue descartada.<\/p>\n\n\n\n<p>El vigente campe\u00f3n mundial, por su parte, ofreci\u00f3\u00a0disputar el encuentro despu\u00e9s del Mundial, pero, dado que La Roja ya no ten\u00eda fechas disponibles, esa opci\u00f3n tuvo que desestimarse. Finalmente, y en contra del plan original acordado de que el partido se disputara el 27 de marzo, Argentina declar\u00f3 su disponibilidad para hacerlo exclusivamente el 31 de marzo, fecha que result\u00f3 inviable.<\/p>\n\n\n\n<p>El partido de 2026 iba a ser la cuarta edici\u00f3n de la Final\u00edsima y la primera desde 2022, cuando Argentina venci\u00f3 a Italia por 3-0 en el estadio de Wembley. En ese partido iba a poder disfrutarse del primer encuentro entre Lamine Yamal, del Barcelona, \u200b\u200by uno de los mejores de la historia, Lionel Messi.<\/p>\n\n\n\n<p><\/p>\n","protected":false},"excerpt":{"rendered":"<p>La UEFA fue la encargada de anunciar el aplazamiento del duelo entre campeones continentales, principalmente por causa del conflicto b\u00e9lico en Medio Oriente.<\/p>\n","protected":false},"author":23,"featured_media":8740,"comment_status":"closed","ping_status":"closed","sticky":true,"template":"","format":"standard","meta":{"_acf_changed":true,"footnotes":""},"categories":[1798],"tags":[86,588,1510,54],"label":[],"country":[1473],"class_list":["post-8739","post","type-post","status-publish","format-standard","has-post-thumbnail","hentry","category-mundial","tag-espana","tag-fifa","tag-finalissima","tag-seleccion-argentina","country-argentina"],"acf":[],"_links":{"self":[{"href":"https:\/\/betsson.sport\/es\/wp-json\/wp\/v2\/posts\/8739","targetHints":{"allow":["GET"]}}],"collection":[{"href":"https:\/\/betsson.sport\/es\/wp-json\/wp\/v2\/posts"}],"about":[{"href":"https:\/\/betsson.sport\/es\/wp-json\/wp\/v2\/types\/post"}],"author":[{"embeddable":true,"href":"https:\/\/betsson.sport\/es\/wp-json\/wp\/v2\/users\/23"}],"replies":[{"embeddable":true,"href":"https:\/\/betsson.sport\/es\/wp-json\/wp\/v2\/comments?post=8739"}],"version-history":[{"count":0,"href":"https:\/\/betsson.sport\/es\/wp-json\/wp\/v2\/posts\/8739\/revisions"}],"wp:featuredmedia":[{"embeddable":true,"href":"https:\/\/betsson.sport\/es\/wp-json\/wp\/v2\/media\/8740"}],"wp:attachment":[{"href":"https:\/\/betsson.sport\/es\/wp-json\/wp\/v2\/media?parent=8739"}],"wp:term":[{"taxonomy":"category","embeddable":true,"href":"https:\/\/betsson.sport\/es\/wp-json\/wp\/v2\/categories?post=8739"},{"taxonomy":"post_tag","embeddable":true,"href":"https:\/\/betsson.sport\/es\/wp-json\/wp\/v2\/tags?post=8739"},{"taxonomy":"label","embeddable":true,"href":"https:\/\/betsson.sport\/es\/wp-json\/wp\/v2\/label?post=8739"},{"taxonomy":"country","embeddable":true,"href":"https:\/\/betsson.sport\/es\/wp-json\/wp\/v2\/country?post=8739"}],"curies":[{"name":"wp","href":"https:\/\/api.w.org\/{rel}","templated":true}]}}