{"id":8789,"date":"2026-03-16T13:12:12","date_gmt":"2026-03-16T16:12:12","guid":{"rendered":"https:\/\/betsson.sport\/es\/?p=8789"},"modified":"2026-03-16T14:53:44","modified_gmt":"2026-03-16T17:53:44","slug":"menezes-presenta-caras-nuevas-en-su-primera-lista-para-los-amistosos-de-marzo","status":"publish","type":"post","link":"https:\/\/betsson.sport\/es\/noticias\/futbol\/menezes-presenta-caras-nuevas-en-su-primera-lista-para-los-amistosos-de-marzo\/","title":{"rendered":"Menezes presenta caras nuevas en su primera lista para los amistosos de marzo"},"content":{"rendered":"\n<p>Mano Menezes ofreci\u00f3 su primera lista de convocados como entrenador de la Selecci\u00f3n peruana, despu\u00e9s de haber asumido el cargo a finales de enero y de abordar un per\u00edodo de exploraci\u00f3n junto a Jean Ferrari, director deportivo de la FPF, por los distintos estadios del pa\u00eds para conocer los mejores elementos que podr\u00eda tener a disposici\u00f3n.<\/p>\n\n\n\n<p>El t\u00e9cnico brasile\u00f1o intenta dar un puntapi\u00e9 en este nuevo proceso, luego de que los ciclos de Juan Reynoso, Jorge Fossati&nbsp;y \u00d3scar Ib\u00e1\u00f1ez, post etapa exitosa de Ricardo Gareca, no dieran frutos al punto de haber quedado al margen de la pr\u00f3xima Copa Mundial (9\u00ba en las Eliminatorias).<\/p>\n\n\n\n<p>La Bicolor est\u00e1 lista para iniciar este camino con el ex Gremio, Fluminense, Corinthians -entre tantos otros- al mando y que tambi\u00e9n supiera dirigir al combinado de su pa\u00eds, la Verdeamarelha, entre 2010 y 2012.<\/p>\n\n\n\n<p>La n\u00f3mina de citados exhibida durante la jornada de este lunes 16 de marzo consta de 25 futbolistas y los mismos ser\u00e1n probados no s\u00f3lo en los entrenamientos, sino tambi\u00e9n en los amistosos ante Senegal y Honduras, los pr\u00f3ximos 28 y 31\/3.<\/p>\n\n\n\n<p>Pedro Gallese es el s\u00edmbolo y referente en el arco de la Blanquirroja, mientras que otros dos porteros como Diego Enr\u00edquez y Diego Romero acompa\u00f1an para esa posici\u00f3n.<\/p>\n\n\n\n<p>Entre los defensores sobresalen las presencias de Marcos L\u00f3pez (Copenhague), Alfonso Barco (Rijeka), Fabio Gruber (N\u00fcremberg) y Oliver Sonne (Sparta Praga), quienes militan en el exterior.<\/p>\n\n\n\n<p>Yoshimar Yot\u00fan y Andr\u00e9 Carrillo son los jugadores de jerarqu\u00eda que aportar\u00e1n en el mediocampo, mientras que tambi\u00e9n habr\u00e1 apuestas como las de Adri\u00e1n Quiroz (Los Chankas), Jes\u00fas Pretell (Liga de Quito) y Jairo Concha (Universitario).<\/p>\n\n\n\n<p>La renovaci\u00f3n impacta en la parte de la delantera, ya que figuras como Paolo Guerrero y Gianluca Lapadula no figuran en la convocatoria. En cambio, \u00c1lex Valera comandar\u00e1 el ataque, sumado a Adri\u00e1n Ugarriza, Joao Grimaldo, Juan Pablo Goicochea y Kenji Cabrera.<\/p>\n\n\n\n<p>\"En estas tres semanas en el Per\u00fa observamos muchos partidos. Hemos tenido varios equipos trabajando de manera simult\u00e1nea, por lo que tenemos una buena observaci\u00f3n inicial y ahora podemos iniciar propiamente este proceso con la primera convocatoria para que los hinchas vean lo que queremos hacer\", coment\u00f3 Menezes en conferencia de prensa.<\/p>\n\n\n\n<p>\"Vamos a comenzar un nuevo camino, partiendo de un punto inicial y d\u00e1ndole oportunidad a jugadores que llegan por primera vez. Tenemos una media de edad de 26 a\u00f1os y eso es lo que buscamos: iniciar una renovaci\u00f3n sustentada para que quienes lleguen puedan consolidarse en la Selecci\u00f3n\", agreg\u00f3 acerca de su idea.<\/p>\n\n\n\n<p>\"Este es el inicio con los dos primeros amistosos y seguiremos trabajando en junio. Queremos llegar a diciembre con una idea clara para que el hincha vea lo que queremos para la Selecci\u00f3n peruana\", aclar\u00f3 sobre su ambici\u00f3n de progreso durante el 2026.<\/p>\n\n\n\n<p><strong><u>Los convocados de Per\u00fa<\/u><\/strong>:<\/p>\n\n\n\n<p><u>Arqueros<\/u>:&nbsp;Pedro Gallese (Deportivo Cali), Diego Enr\u00edquez (Sporting Cristal), Diego Romero (Universitario de Deportes).<\/p>\n\n\n\n<p><u>Defensas<\/u>:&nbsp;Alfonso Barco (HNK Rijeka), C\u00e9sar Inga (Universitario de Deportes), Fabio Gruber (Nuremberg), Marco Huam\u00e1n (Alianza Lima), Marcos L\u00f3pez (Copenhague ), Mat\u00edas Zegarra (Melgar), Miguel Araujo (Sporting Cristal), Oliver Sonne (Sparta Praga) y Renzo Garc\u00e9s (Alianza Lima).<\/p>\n\n\n\n<p><u>Mediocampistas<\/u>:&nbsp;Adri\u00e1n Quiroz (Los Chankas), Andr\u00e9 Carrillo (Corinthians), Erick Noriega (Gremio), Jairo Concha (Universitario de Deportes), Jairo V\u00e9lez (Alianza Lima), Jes\u00fas Castillo (Universitario de Deportes), Jes\u00fas Pretell (LDU Quito) y Yoshimar Yot\u00fan (Sporting Cristal).<\/p>\n\n\n\n<p><u>Delanteros<\/u>:&nbsp;Adri\u00e1n Ugarriza (Kiryat Shmona), Alex Valera (Universitario de Deportes), Joao Grimaldo (Sparta Praga), Juan Pablo Goicochea (Defensor Sporting) y Kenji Cabrera (Vancouver Whitecaps).<\/p>\n\n\n\n<p><\/p>\n\n\n\n<p><\/p>\n","protected":false},"excerpt":{"rendered":"<p>El entrenador brasile\u00f1o dio a conocer los nombres que afrontar\u00e1n los partidos ante Senegal y Honduras.<\/p>\n","protected":false},"author":23,"featured_media":8790,"comment_status":"closed","ping_status":"closed","sticky":true,"template":"","format":"standard","meta":{"_acf_changed":true,"footnotes":""},"categories":[7],"tags":[588,206,2049,567],"label":[],"country":[1479],"class_list":["post-8789","post","type-post","status-publish","format-standard","has-post-thumbnail","hentry","category-futbol","tag-fifa","tag-futbol-peruano","tag-mano-menezes","tag-seleccion-peruana-2","country-peru"],"acf":[],"_links":{"self":[{"href":"https:\/\/betsson.sport\/es\/wp-json\/wp\/v2\/posts\/8789","targetHints":{"allow":["GET"]}}],"collection":[{"href":"https:\/\/betsson.sport\/es\/wp-json\/wp\/v2\/posts"}],"about":[{"href":"https:\/\/betsson.sport\/es\/wp-json\/wp\/v2\/types\/post"}],"author":[{"embeddable":true,"href":"https:\/\/betsson.sport\/es\/wp-json\/wp\/v2\/users\/23"}],"replies":[{"embeddable":true,"href":"https:\/\/betsson.sport\/es\/wp-json\/wp\/v2\/comments?post=8789"}],"version-history":[{"count":0,"href":"https:\/\/betsson.sport\/es\/wp-json\/wp\/v2\/posts\/8789\/revisions"}],"wp:featuredmedia":[{"embeddable":true,"href":"https:\/\/betsson.sport\/es\/wp-json\/wp\/v2\/media\/8790"}],"wp:attachment":[{"href":"https:\/\/betsson.sport\/es\/wp-json\/wp\/v2\/media?parent=8789"}],"wp:term":[{"taxonomy":"category","embeddable":true,"href":"https:\/\/betsson.sport\/es\/wp-json\/wp\/v2\/categories?post=8789"},{"taxonomy":"post_tag","embeddable":true,"href":"https:\/\/betsson.sport\/es\/wp-json\/wp\/v2\/tags?post=8789"},{"taxonomy":"label","embeddable":true,"href":"https:\/\/betsson.sport\/es\/wp-json\/wp\/v2\/label?post=8789"},{"taxonomy":"country","embeddable":true,"href":"https:\/\/betsson.sport\/es\/wp-json\/wp\/v2\/country?post=8789"}],"curies":[{"name":"wp","href":"https:\/\/api.w.org\/{rel}","templated":true}]}}