{"id":8824,"date":"2026-03-17T09:40:53","date_gmt":"2026-03-17T12:40:53","guid":{"rendered":"https:\/\/betsson.sport\/es\/?p=8824"},"modified":"2026-03-17T11:41:46","modified_gmt":"2026-03-17T14:41:46","slug":"gustavo-costas-se-rinde-ante-maravilla-martinez-para-mi-tiene-un-arreglo-con-dios","status":"publish","type":"post","link":"https:\/\/betsson.sport\/es\/noticias\/futbol\/liga-profesional-argentina\/gustavo-costas-se-rinde-ante-maravilla-martinez-para-mi-tiene-un-arreglo-con-dios\/","title":{"rendered":"Gustavo Costas se rinde ante Maravilla Mart\u00ednez: \"Para m\u00ed tiene un arreglo con Dios\""},"content":{"rendered":"\n<p>Gustavo Costas&nbsp;encontr\u00f3 una respuesta exitosa por parte de&nbsp;Adri\u00e1n Mart\u00ednez, tras haberlo incluido en el equipo durante la victoria del lunes por la noche 2-0 sobre&nbsp;Estudiantes de R\u00edo Cuarto, a pesar de la molestia f\u00edsica que padec\u00eda el delantero en las horas previas.<\/p>\n\n\n\n<p>Maravilla se destac\u00f3 en el Cilindro de Avellaneda al convertir un doblete, a los 10 del segundo tiempo tras una gran combinaci\u00f3n con&nbsp;Santiago Solari y, en el tiempo adicionado, despu\u00e9s de ser asistido por&nbsp;Adri\u00e1n Fern\u00e1ndez.<\/p>\n\n\n\n<p>El atacante, de 33 a\u00f1os, no s\u00f3lo resisti\u00f3 los 90 minutos en el campo de juego, sino que adem\u00e1s lider\u00f3 la ofensiva con cuatro remates totales (a la par de Solari), cinco toques de pelota en el \u00e1rea rival y tres chances claras de gol, seg\u00fan los datos detallados de Opta.<\/p>\n\n\n\n<p>\"Para m\u00ed tiene un arreglo con Dios. Ayer a la ma\u00f1ana (domingo) me dijo que ten\u00eda el pie todo hinchado despu\u00e9s de hacer f\u00fatbol y lo hab\u00edamos descartado. Menos mal que lo puse, ja\", expres\u00f3 el t\u00e9cnico de la Academia luego del encuentro acerca de la condici\u00f3n del nacido en Campana.<\/p>\n\n\n\n<p>Asimismo, el entrenador de 63 a\u00f1os valor\u00f3 la actuaci\u00f3n en general del delantero. \"No solamente los goles, lo que jug\u00f3 y c\u00f3mo trabaj\u00f3 en el partido... Maravilla&nbsp;es algo incre\u00edble\", lo destac\u00f3.<\/p>\n\n\n\n<p>En toda esta historia, hubo una situaci\u00f3n puntual que cambi\u00f3 la decisi\u00f3n&nbsp;y el mismo DT la coment\u00f3. \"Hasta ayer a la ma\u00f1ana estaba afuera. Por lo que pas\u00f3 la otra vez era para quedarse dos meses afuera.&nbsp;Me dijo \u2018habl\u00e9 con Dios y ya estoy curado\u2019, entonces lo puse\", sorprendi\u00f3 Costas, cuyo jugador es confeso hombre de fe y muy activo en la misma.<\/p>\n\n\n\n<p>Mart\u00ednez contest\u00f3 de manera satisfactoria con un nuevo gol, que representa el cuarto en ocho partidos en el actual Torneo Apertura. Ven\u00eda de perderse los \u00faltimos dos juegos por molestias f\u00edsicas, pero retorn\u00f3 a toda m\u00e1quina para demostrar su poder\u00edo, el mismo que supo exhibir a lo largo de 2025: 12 tantos en 28 compromisos a nivel local y siete en 12 partidos por la Copa Libertadores.<\/p>\n\n\n\n<p>Adem\u00e1s del plano individual, Costas tambi\u00e9n tuvo palabras para referirse a la presentaci\u00f3n colectiva de Racing:&nbsp;\"El equipo tiene que seguir mejorando. Yo no veo en el f\u00fatbol argentino a un equipo que tenga superioridad, cualquiera te puede lastimar. Si queremos ganar, tenemos que mejorar mucho. Lo bueno es que hace siete fechas no perdemos y eso te da tranquilidad\".<\/p>\n\n\n\n<p>La Academia se ubica 6\u00aa en la Zona B del certamen con 15 unidades al cabo de 10 fechas, a cinco del l\u00edder, Independiente Rivadavia, y en su siguiente cruce buscar\u00e1 extender su actual racha de siete duelos sin derrotas cuando visite el s\u00e1bado a Belgrano en C\u00f3rdoba.<\/p>\n","protected":false},"excerpt":{"rendered":"<p>El entrenador de Racing confi\u00f3 en su goleador pese a su condici\u00f3n f\u00edsica en las horas previas al partido y este retribuy\u00f3 con un doblete para el 2-0 sobre Estudiantes de R\u00edo Cuarto.<\/p>\n","protected":false},"author":23,"featured_media":8825,"comment_status":"closed","ping_status":"closed","sticky":true,"template":"","format":"standard","meta":{"_acf_changed":true,"footnotes":""},"categories":[1786],"tags":[2613,240,239,58,77],"label":[],"country":[1473],"class_list":["post-8824","post","type-post","status-publish","format-standard","has-post-thumbnail","hentry","category-liga-profesional-argentina","tag-adrian-martinez","tag-futbol-argentino","tag-gustavo-costas","tag-liga-argentina","tag-racing","country-argentina"],"acf":[],"_links":{"self":[{"href":"https:\/\/betsson.sport\/es\/wp-json\/wp\/v2\/posts\/8824","targetHints":{"allow":["GET"]}}],"collection":[{"href":"https:\/\/betsson.sport\/es\/wp-json\/wp\/v2\/posts"}],"about":[{"href":"https:\/\/betsson.sport\/es\/wp-json\/wp\/v2\/types\/post"}],"author":[{"embeddable":true,"href":"https:\/\/betsson.sport\/es\/wp-json\/wp\/v2\/users\/23"}],"replies":[{"embeddable":true,"href":"https:\/\/betsson.sport\/es\/wp-json\/wp\/v2\/comments?post=8824"}],"version-history":[{"count":0,"href":"https:\/\/betsson.sport\/es\/wp-json\/wp\/v2\/posts\/8824\/revisions"}],"wp:featuredmedia":[{"embeddable":true,"href":"https:\/\/betsson.sport\/es\/wp-json\/wp\/v2\/media\/8825"}],"wp:attachment":[{"href":"https:\/\/betsson.sport\/es\/wp-json\/wp\/v2\/media?parent=8824"}],"wp:term":[{"taxonomy":"category","embeddable":true,"href":"https:\/\/betsson.sport\/es\/wp-json\/wp\/v2\/categories?post=8824"},{"taxonomy":"post_tag","embeddable":true,"href":"https:\/\/betsson.sport\/es\/wp-json\/wp\/v2\/tags?post=8824"},{"taxonomy":"label","embeddable":true,"href":"https:\/\/betsson.sport\/es\/wp-json\/wp\/v2\/label?post=8824"},{"taxonomy":"country","embeddable":true,"href":"https:\/\/betsson.sport\/es\/wp-json\/wp\/v2\/country?post=8824"}],"curies":[{"name":"wp","href":"https:\/\/api.w.org\/{rel}","templated":true}]}}